{"id":9611,"date":"2018-11-25T15:56:18","date_gmt":"2018-11-25T13:56:18","guid":{"rendered":"https:\/\/www.granadablogs.com\/juezcalatayud\/?p=9611"},"modified":"2018-11-25T15:56:18","modified_gmt":"2018-11-25T13:56:18","slug":"cuando-una-chica-dice-no-es-que-no-con-copas-y-sin-copas-con-porros-y-sin-porros","status":"publish","type":"post","link":"https:\/\/www.granadablogs.com\/juezcalatayud\/2018\/11\/cuando-una-chica-dice-no-es-que-no-con-copas-y-sin-copas-con-porros-y-sin-porros\/","title":{"rendered":"Cuando una chica dice no es que no, con copas y sin copas, con porros y sin porros"},"content":{"rendered":"<p>&nbsp;<\/p>\n<figure id=\"attachment_7727\" aria-describedby=\"caption-attachment-7727\" style=\"width: 644px\" class=\"wp-caption aligncenter\"><img loading=\"lazy\" decoding=\"async\" class=\"wp-image-7727 size-large\" src=\"https:\/\/www.granadablogs.com\/juezcalatayud\/wp-content\/uploads\/2018\/02\/juezjuez-644x398.jpg\" alt=\"\" width=\"644\" height=\"398\" srcset=\"https:\/\/www.granadablogs.com\/juezcalatayud\/wp-content\/uploads\/2018\/02\/juezjuez-644x398.jpg 644w, https:\/\/www.granadablogs.com\/juezcalatayud\/wp-content\/uploads\/2018\/02\/juezjuez-300x185.jpg 300w, https:\/\/www.granadablogs.com\/juezcalatayud\/wp-content\/uploads\/2018\/02\/juezjuez.jpg 648w\" sizes=\"auto, (max-width: 644px) 100vw, 644px\" \/><figcaption id=\"caption-attachment-7727\" class=\"wp-caption-text\">IDEAL.<\/figcaption><\/figure>\n<p>Buenas, soy Emilio Calatayud. Es el d\u00eda contra la violencia machista, un fen\u00f3meno ante el que todos debemos estar alerta. Entre los menores tambi\u00e9n existe. Todos los a\u00f1os juzgamos casos de agresiones y maltrato de los ni\u00f1os a las ni\u00f1as. Falta respeto en esta sociedad nuestra. Tenemos que aprender a respetarnos. Faltan valores en esta sociedad. Y tenemos que volver a abrazar los valores. Faltan l\u00edmites en esta sociedad, y tenemos que marcar los l\u00edmites: cuando una chica dice no es que no, con copas y sin copas, con porros y sin porros. Padres y madres, que vuestros hijos, y me refiero exclusivamente a los ni\u00f1os, lo tengan muy claro.<\/p>\n<p>&nbsp;<\/p>\n","protected":false},"excerpt":{"rendered":"<p>&nbsp; Buenas, soy Emilio Calatayud. Es el d\u00eda contra la violencia machista, un fen\u00f3meno ante el que todos debemos estar alerta. Entre los menores tambi\u00e9n existe. Todos los a\u00f1os juzgamos casos de agresiones y maltrato de los ni\u00f1os a las ni\u00f1as. Falta respeto en esta sociedad nuestra. Tenemos que aprender a respetarnos. Faltan valores en [&hellip;]<\/p>\n","protected":false},"author":2,"featured_media":0,"comment_status":"open","ping_status":"open","sticky":false,"template":"","format":"standard","meta":{"jetpack_post_was_ever_published":false,"_jetpack_newsletter_access":"","_jetpack_dont_email_post_to_subs":false,"_jetpack_newsletter_tier_id":0,"_jetpack_memberships_contains_paywalled_content":false,"_jetpack_memberships_contains_paid_content":false,"footnotes":""},"categories":[1],"tags":[786,186],"class_list":["post-9611","post","type-post","status-publish","format-standard","hentry","category-blog","tag-machista","tag-violencia"],"jetpack_featured_media_url":"","jetpack_shortlink":"https:\/\/wp.me\/p5fzW5-2v1","jetpack-related-posts":[],"jetpack_sharing_enabled":true,"_links":{"self":[{"href":"https:\/\/www.granadablogs.com\/juezcalatayud\/wp-json\/wp\/v2\/posts\/9611","targetHints":{"allow":["GET"]}}],"collection":[{"href":"https:\/\/www.granadablogs.com\/juezcalatayud\/wp-json\/wp\/v2\/posts"}],"about":[{"href":"https:\/\/www.granadablogs.com\/juezcalatayud\/wp-json\/wp\/v2\/types\/post"}],"author":[{"embeddable":true,"href":"https:\/\/www.granadablogs.com\/juezcalatayud\/wp-json\/wp\/v2\/users\/2"}],"replies":[{"embeddable":true,"href":"https:\/\/www.granadablogs.com\/juezcalatayud\/wp-json\/wp\/v2\/comments?post=9611"}],"version-history":[{"count":2,"href":"https:\/\/www.granadablogs.com\/juezcalatayud\/wp-json\/wp\/v2\/posts\/9611\/revisions"}],"predecessor-version":[{"id":9613,"href":"https:\/\/www.granadablogs.com\/juezcalatayud\/wp-json\/wp\/v2\/posts\/9611\/revisions\/9613"}],"wp:attachment":[{"href":"https:\/\/www.granadablogs.com\/juezcalatayud\/wp-json\/wp\/v2\/media?parent=9611"}],"wp:term":[{"taxonomy":"category","embeddable":true,"href":"https:\/\/www.granadablogs.com\/juezcalatayud\/wp-json\/wp\/v2\/categories?post=9611"},{"taxonomy":"post_tag","embeddable":true,"href":"https:\/\/www.granadablogs.com\/juezcalatayud\/wp-json\/wp\/v2\/tags?post=9611"}],"curies":[{"name":"wp","href":"https:\/\/api.w.org\/{rel}","templated":true}]}}