{"id":9605,"date":"2018-11-24T20:40:21","date_gmt":"2018-11-24T18:40:21","guid":{"rendered":"https:\/\/www.granadablogs.com\/juezcalatayud\/?p=9605"},"modified":"2018-11-24T20:40:21","modified_gmt":"2018-11-24T18:40:21","slug":"no-preocuparse-padres-cuando-seamos-laicos-no-habra-reyes-magos-y-el-movil-dejara-de-ser-el-regalo-estrella","status":"publish","type":"post","link":"https:\/\/www.granadablogs.com\/juezcalatayud\/2018\/11\/no-preocuparse-padres-cuando-seamos-laicos-no-habra-reyes-magos-y-el-movil-dejara-de-ser-el-regalo-estrella\/","title":{"rendered":"No preocuparse padres, cuando seamos laicos no habr\u00e1 Reyes Magos y el m\u00f3vil dejar\u00e1 de ser el regalo estrella"},"content":{"rendered":"<p><img loading=\"lazy\" decoding=\"async\" class=\"aligncenter wp-image-8891 size-full\" src=\"https:\/\/www.granadablogs.com\/juezcalatayud\/wp-content\/uploads\/2018\/07\/otra-buena.jpg\" alt=\"\" width=\"575\" height=\"323\" srcset=\"https:\/\/www.granadablogs.com\/juezcalatayud\/wp-content\/uploads\/2018\/07\/otra-buena.jpg 575w, https:\/\/www.granadablogs.com\/juezcalatayud\/wp-content\/uploads\/2018\/07\/otra-buena-300x169.jpg 300w\" sizes=\"auto, (max-width: 575px) 100vw, 575px\" \/><\/p>\n<p>Buenas, soy Emilio Calatayud. La Navidad ya llama a la puerta y muchos padres andan encargando a los Reyes Magos m\u00f3viles de \u00faltima generaci\u00f3n para sus hijos. Y si no cae para Reyes, pues ya caer\u00e1 para las comuniones. Pero no preocuparse padres, cuando seamos laicos no habr\u00e1 Reyes Magos ni comuniones y el m\u00f3vil dejar\u00e1 de ser el regalo estrella porque, sencillamente, no habr\u00e1 que reagalar nada. Vuestra cuenta corriente lo agradecer\u00e1.<\/p>\n<p>Pues ya sab\u00e9is, rezad para que seamos laicos cuanto antes, valga la paradoja.<\/p>\n","protected":false},"excerpt":{"rendered":"<p>Buenas, soy Emilio Calatayud. La Navidad ya llama a la puerta y muchos padres andan encargando a los Reyes Magos m\u00f3viles de \u00faltima generaci\u00f3n para sus hijos. Y si no cae para Reyes, pues ya caer\u00e1 para las comuniones. Pero no preocuparse padres, cuando seamos laicos no habr\u00e1 Reyes Magos ni comuniones y el m\u00f3vil [&hellip;]<\/p>\n","protected":false},"author":2,"featured_media":0,"comment_status":"open","ping_status":"open","sticky":false,"template":"","format":"standard","meta":{"jetpack_post_was_ever_published":false,"_jetpack_newsletter_access":"","_jetpack_dont_email_post_to_subs":false,"_jetpack_newsletter_tier_id":0,"_jetpack_memberships_contains_paywalled_content":false,"_jetpack_memberships_contains_paid_content":false,"footnotes":""},"categories":[1],"tags":[2263,237,235],"class_list":["post-9605","post","type-post","status-publish","format-standard","hentry","category-blog","tag-laicos","tag-moviles","tag-regalo"],"jetpack_featured_media_url":"","jetpack_shortlink":"https:\/\/wp.me\/p5fzW5-2uV","jetpack-related-posts":[],"jetpack_sharing_enabled":true,"_links":{"self":[{"href":"https:\/\/www.granadablogs.com\/juezcalatayud\/wp-json\/wp\/v2\/posts\/9605","targetHints":{"allow":["GET"]}}],"collection":[{"href":"https:\/\/www.granadablogs.com\/juezcalatayud\/wp-json\/wp\/v2\/posts"}],"about":[{"href":"https:\/\/www.granadablogs.com\/juezcalatayud\/wp-json\/wp\/v2\/types\/post"}],"author":[{"embeddable":true,"href":"https:\/\/www.granadablogs.com\/juezcalatayud\/wp-json\/wp\/v2\/users\/2"}],"replies":[{"embeddable":true,"href":"https:\/\/www.granadablogs.com\/juezcalatayud\/wp-json\/wp\/v2\/comments?post=9605"}],"version-history":[{"count":4,"href":"https:\/\/www.granadablogs.com\/juezcalatayud\/wp-json\/wp\/v2\/posts\/9605\/revisions"}],"predecessor-version":[{"id":9610,"href":"https:\/\/www.granadablogs.com\/juezcalatayud\/wp-json\/wp\/v2\/posts\/9605\/revisions\/9610"}],"wp:attachment":[{"href":"https:\/\/www.granadablogs.com\/juezcalatayud\/wp-json\/wp\/v2\/media?parent=9605"}],"wp:term":[{"taxonomy":"category","embeddable":true,"href":"https:\/\/www.granadablogs.com\/juezcalatayud\/wp-json\/wp\/v2\/categories?post=9605"},{"taxonomy":"post_tag","embeddable":true,"href":"https:\/\/www.granadablogs.com\/juezcalatayud\/wp-json\/wp\/v2\/tags?post=9605"}],"curies":[{"name":"wp","href":"https:\/\/api.w.org\/{rel}","templated":true}]}}