{"id":9578,"date":"2018-11-20T17:37:25","date_gmt":"2018-11-20T15:37:25","guid":{"rendered":"https:\/\/www.granadablogs.com\/juezcalatayud\/?p=9578"},"modified":"2018-11-21T22:07:47","modified_gmt":"2018-11-21T20:07:47","slug":"una-gorra-de-poli-para-un-africanito-al-que-se-la-robaron-en-grana-gracias-brunete","status":"publish","type":"post","link":"https:\/\/www.granadablogs.com\/juezcalatayud\/2018\/11\/una-gorra-de-poli-para-un-africanito-al-que-se-la-robaron-en-grana-gracias-brunete\/","title":{"rendered":"Una gorra de &#8216;poli&#8217; para un africanito al que se la robaron en &#8216;Gran\u00e1&#8217;, gracias Brunete"},"content":{"rendered":"<p>&nbsp;<\/p>\n<p><img loading=\"lazy\" decoding=\"async\" class=\"aligncenter wp-image-9580 size-large\" src=\"https:\/\/www.granadablogs.com\/juezcalatayud\/wp-content\/uploads\/2018\/11\/IMG-20181120-WA0001-644x483.jpg\" alt=\"\" width=\"644\" height=\"483\" srcset=\"https:\/\/www.granadablogs.com\/juezcalatayud\/wp-content\/uploads\/2018\/11\/IMG-20181120-WA0001-644x483.jpg 644w, https:\/\/www.granadablogs.com\/juezcalatayud\/wp-content\/uploads\/2018\/11\/IMG-20181120-WA0001-300x225.jpg 300w, https:\/\/www.granadablogs.com\/juezcalatayud\/wp-content\/uploads\/2018\/11\/IMG-20181120-WA0001-768x576.jpg 768w, https:\/\/www.granadablogs.com\/juezcalatayud\/wp-content\/uploads\/2018\/11\/IMG-20181120-WA0001.jpg 1599w\" sizes=\"auto, (max-width: 644px) 100vw, 644px\" \/>Buenas, soy Emilio Calatayud. Tengo un amiguillo africano de 13 a\u00f1os que vino a Espa\u00f1a en patera. Es un &#8216;chavea&#8217; muy educado y muy valiente, pero resulta que en &#8216;Gran\u00e1&#8217; le robaron su gorra. Entonces le promet\u00ed que le comprar\u00eda una nueva. Pero el final de la historia ha sido el mejor posible: la Polic\u00eda Local de Brunete, provincia de Madrid, le ha regalado una de sus gorras oficiales. Estuve dando una conferencia all\u00ed y me traje el obsequio para el africanito. Gracias a la Polic\u00eda Local de Brunete, al Ayuntamiento y a todos los vecinos por el cari\u00f1o que me trataron&#8230; y por la gorra, que, a fin de cuentas, sale de sus impuestos.<\/p>\n<p>Me imagino que si el ni\u00f1o, un guineano que siempre est\u00e1 sonriendo, dice que es un regalo de la Polic\u00eda y de un juez no se atrever\u00e1n a rob\u00e1rsela de nuevo. \u00a1Que no me entere yo!<\/p>\n<p>&nbsp;<\/p>\n<p>&nbsp;<\/p>\n","protected":false},"excerpt":{"rendered":"<p>&nbsp; Buenas, soy Emilio Calatayud. Tengo un amiguillo africano de 13 a\u00f1os que vino a Espa\u00f1a en patera. Es un &#8216;chavea&#8217; muy educado y muy valiente, pero resulta que en &#8216;Gran\u00e1&#8217; le robaron su gorra. Entonces le promet\u00ed que le comprar\u00eda una nueva. Pero el final de la historia ha sido el mejor posible: la [&hellip;]<\/p>\n","protected":false},"author":2,"featured_media":0,"comment_status":"open","ping_status":"open","sticky":false,"template":"","format":"standard","meta":{"jetpack_post_was_ever_published":false,"_jetpack_newsletter_access":"","_jetpack_dont_email_post_to_subs":false,"_jetpack_newsletter_tier_id":0,"_jetpack_memberships_contains_paywalled_content":false,"_jetpack_memberships_contains_paid_content":false,"footnotes":""},"categories":[1],"tags":[],"class_list":["post-9578","post","type-post","status-publish","format-standard","hentry","category-blog"],"jetpack_featured_media_url":"","jetpack_shortlink":"https:\/\/wp.me\/p5fzW5-2uu","jetpack-related-posts":[],"jetpack_sharing_enabled":true,"_links":{"self":[{"href":"https:\/\/www.granadablogs.com\/juezcalatayud\/wp-json\/wp\/v2\/posts\/9578","targetHints":{"allow":["GET"]}}],"collection":[{"href":"https:\/\/www.granadablogs.com\/juezcalatayud\/wp-json\/wp\/v2\/posts"}],"about":[{"href":"https:\/\/www.granadablogs.com\/juezcalatayud\/wp-json\/wp\/v2\/types\/post"}],"author":[{"embeddable":true,"href":"https:\/\/www.granadablogs.com\/juezcalatayud\/wp-json\/wp\/v2\/users\/2"}],"replies":[{"embeddable":true,"href":"https:\/\/www.granadablogs.com\/juezcalatayud\/wp-json\/wp\/v2\/comments?post=9578"}],"version-history":[{"count":3,"href":"https:\/\/www.granadablogs.com\/juezcalatayud\/wp-json\/wp\/v2\/posts\/9578\/revisions"}],"predecessor-version":[{"id":9582,"href":"https:\/\/www.granadablogs.com\/juezcalatayud\/wp-json\/wp\/v2\/posts\/9578\/revisions\/9582"}],"wp:attachment":[{"href":"https:\/\/www.granadablogs.com\/juezcalatayud\/wp-json\/wp\/v2\/media?parent=9578"}],"wp:term":[{"taxonomy":"category","embeddable":true,"href":"https:\/\/www.granadablogs.com\/juezcalatayud\/wp-json\/wp\/v2\/categories?post=9578"},{"taxonomy":"post_tag","embeddable":true,"href":"https:\/\/www.granadablogs.com\/juezcalatayud\/wp-json\/wp\/v2\/tags?post=9578"}],"curies":[{"name":"wp","href":"https:\/\/api.w.org\/{rel}","templated":true}]}}