{"id":9359,"date":"2018-10-14T16:16:25","date_gmt":"2018-10-14T14:16:25","guid":{"rendered":"https:\/\/www.granadablogs.com\/juezcalatayud\/?p=9359"},"modified":"2018-10-14T16:18:52","modified_gmt":"2018-10-14T14:18:52","slug":"expulsar-al-nino-que-revienta-las-clases-no-sirve-en-casa-no-va-a-reflexionar-nada","status":"publish","type":"post","link":"https:\/\/www.granadablogs.com\/juezcalatayud\/2018\/10\/expulsar-al-nino-que-revienta-las-clases-no-sirve-en-casa-no-va-a-reflexionar-nada\/","title":{"rendered":"Expulsar al ni\u00f1o que revienta las clases no sirve: en casa no va a reflexionar nada"},"content":{"rendered":"<p>&nbsp;<\/p>\n<figure id=\"attachment_8783\" aria-describedby=\"caption-attachment-8783\" style=\"width: 624px\" class=\"wp-caption aligncenter\"><img loading=\"lazy\" decoding=\"async\" class=\"wp-image-8783 size-full\" src=\"https:\/\/www.granadablogs.com\/juezcalatayud\/wp-content\/uploads\/2018\/07\/cero-y-Emilio.jpg\" alt=\"\" width=\"624\" height=\"385\" srcset=\"https:\/\/www.granadablogs.com\/juezcalatayud\/wp-content\/uploads\/2018\/07\/cero-y-Emilio.jpg 624w, https:\/\/www.granadablogs.com\/juezcalatayud\/wp-content\/uploads\/2018\/07\/cero-y-Emilio-300x185.jpg 300w\" sizes=\"auto, (max-width: 624px) 100vw, 624px\" \/><figcaption id=\"caption-attachment-8783\" class=\"wp-caption-text\">ideal.es<\/figcaption><\/figure>\n<p>Buenas, soy Emilio Calatayud. Despu\u00e9s de un breve descanso para que descansarais de nosotros, los pesados del blog, os comento que el otro d\u00eda me preguntaron en el El Mundo por mi opini\u00f3n sobre las expulsiones de clase de los alumnos problem\u00e1ticos. Yo nunca he sido partidario: los ni\u00f1os tienen que estar en el colegio. Ya se ver\u00e1 haciendo qu\u00e9, pero en el cole.\u00a0 Eso s\u00ed, les dije que entend\u00eda a los profesores que no quieren que haya alumnos que les revienten las clases, pero los expulsados no van a reflexionar nada en su casa. Al rev\u00e9s. Los ni\u00f1os tienen que estudiar por lo civil o por lo criminal, as\u00ed de claro. Y a los que molestan, que vayan a atender a ancianos o a servir comedores sociales o a limpiar la clase, mientras dure la sanci\u00f3n&#8230; Ya hay institutos que lo hacen.<\/p>\n<p>Claro que luego te vienen\u00a0 los padres que dicen que su hijo no barre porque \u00e9l paga sus impuestos, que habr\u00eda que ver si los paga&#8230; Pero esa es otra historia.<\/p>\n<p>Aqu\u00ed os dejo el enlace del reportaje por si os interesa.<\/p>\n<p><a href=\"http:\/\/www.elmundo.es\/papel\/historias\/2018\/10\/13\/5bc08a2c468aeb37228b4570.html\" target=\"_blank\" rel=\"noopener\">http:\/\/www.elmundo.es\/papel\/historias\/2018\/10\/13\/5bc08a2c468aeb37228b4570.html<\/a><\/p>\n<p>&nbsp;<\/p>\n<p>&nbsp;<\/p>\n<p>&nbsp;<\/p>\n<p>&nbsp;<\/p>\n<p>&nbsp;<\/p>\n<p>&nbsp;<\/p>\n","protected":false},"excerpt":{"rendered":"<p>&nbsp; Buenas, soy Emilio Calatayud. Despu\u00e9s de un breve descanso para que descansarais de nosotros, los pesados del blog, os comento que el otro d\u00eda me preguntaron en el El Mundo por mi opini\u00f3n sobre las expulsiones de clase de los alumnos problem\u00e1ticos. Yo nunca he sido partidario: los ni\u00f1os tienen que estar en el [&hellip;]<\/p>\n","protected":false},"author":2,"featured_media":0,"comment_status":"open","ping_status":"open","sticky":false,"template":"","format":"standard","meta":{"jetpack_post_was_ever_published":false,"_jetpack_newsletter_access":"","_jetpack_dont_email_post_to_subs":false,"_jetpack_newsletter_tier_id":0,"_jetpack_memberships_contains_paywalled_content":false,"_jetpack_memberships_contains_paid_content":false,"footnotes":""},"categories":[1],"tags":[2225,1940],"class_list":["post-9359","post","type-post","status-publish","format-standard","hentry","category-blog","tag-expulsiones","tag-instituto"],"jetpack_featured_media_url":"","jetpack_shortlink":"https:\/\/wp.me\/p5fzW5-2qX","jetpack-related-posts":[],"jetpack_sharing_enabled":true,"_links":{"self":[{"href":"https:\/\/www.granadablogs.com\/juezcalatayud\/wp-json\/wp\/v2\/posts\/9359","targetHints":{"allow":["GET"]}}],"collection":[{"href":"https:\/\/www.granadablogs.com\/juezcalatayud\/wp-json\/wp\/v2\/posts"}],"about":[{"href":"https:\/\/www.granadablogs.com\/juezcalatayud\/wp-json\/wp\/v2\/types\/post"}],"author":[{"embeddable":true,"href":"https:\/\/www.granadablogs.com\/juezcalatayud\/wp-json\/wp\/v2\/users\/2"}],"replies":[{"embeddable":true,"href":"https:\/\/www.granadablogs.com\/juezcalatayud\/wp-json\/wp\/v2\/comments?post=9359"}],"version-history":[{"count":7,"href":"https:\/\/www.granadablogs.com\/juezcalatayud\/wp-json\/wp\/v2\/posts\/9359\/revisions"}],"predecessor-version":[{"id":9366,"href":"https:\/\/www.granadablogs.com\/juezcalatayud\/wp-json\/wp\/v2\/posts\/9359\/revisions\/9366"}],"wp:attachment":[{"href":"https:\/\/www.granadablogs.com\/juezcalatayud\/wp-json\/wp\/v2\/media?parent=9359"}],"wp:term":[{"taxonomy":"category","embeddable":true,"href":"https:\/\/www.granadablogs.com\/juezcalatayud\/wp-json\/wp\/v2\/categories?post=9359"},{"taxonomy":"post_tag","embeddable":true,"href":"https:\/\/www.granadablogs.com\/juezcalatayud\/wp-json\/wp\/v2\/tags?post=9359"}],"curies":[{"name":"wp","href":"https:\/\/api.w.org\/{rel}","templated":true}]}}