{"id":9205,"date":"2018-09-17T19:34:56","date_gmt":"2018-09-17T17:34:56","guid":{"rendered":"https:\/\/www.granadablogs.com\/juezcalatayud\/?p=9205"},"modified":"2018-09-17T19:34:56","modified_gmt":"2018-09-17T17:34:56","slug":"pedimos-que-el-estado-de-un-master-oficial-de-buenas-personas-a-pablo-y-todos-los-universitarios-que-ayudan-porque-si","status":"publish","type":"post","link":"https:\/\/www.granadablogs.com\/juezcalatayud\/2018\/09\/pedimos-que-el-estado-de-un-master-oficial-de-buenas-personas-a-pablo-y-todos-los-universitarios-que-ayudan-porque-si\/","title":{"rendered":"Pedimos que el Estado d\u00e9 un m\u00e1ster oficial de buenas personas a Pablo y todos los universitarios que ayudan porque s\u00ed"},"content":{"rendered":"<p><img loading=\"lazy\" decoding=\"async\" class=\"aligncenter wp-image-9212 size-full\" src=\"https:\/\/www.granadablogs.com\/juezcalatayud\/wp-content\/uploads\/2018\/09\/despacho.jpg\" alt=\"\" width=\"624\" height=\"383\" srcset=\"https:\/\/www.granadablogs.com\/juezcalatayud\/wp-content\/uploads\/2018\/09\/despacho.jpg 624w, https:\/\/www.granadablogs.com\/juezcalatayud\/wp-content\/uploads\/2018\/09\/despacho-300x184.jpg 300w\" sizes=\"auto, (max-width: 624px) 100vw, 624px\" \/>Buenas, soy Emilio Calatayud. Se llama Pablo, es &#8216;grana\u00edno&#8217; y licenciado en Psicolog\u00eda. Este pasado verano ha viajado al L\u00edbano, un pa\u00eds siempre en conflicto, para dar clases a ni\u00f1os musulmanes que malviven en un gigantesco campo de refugiados. Le ha enganchado tanto la experiencia que quiere quedarse un a\u00f1o m\u00e1s. \u00bfPor qu\u00e9 lo hace? Porque s\u00ed, porque le gusta ayudar. No ve un duro. El viaje se lo pag\u00f3 su padre.<\/p>\n<p>Pues bien, en Espa\u00f1a hay miles de &#8216;Pablos&#8217;, j\u00f3venes que, cuando acaban sus estudios, deciden echar una mano a gente que lo est\u00e1 pasando fatal. Estos &#8216;Pablos&#8217; tambi\u00e9n son marca Espa\u00f1a, pero su labor pasa desapercibida.<\/p>\n<p>Cuando vuelven a su pa\u00eds, se encuentran con que sus compa\u00f1eros que se quedaron aqu\u00ed tienen m\u00e1s t\u00edtulos que ellos y puede que hasta un trabajo. No son &#8216;competitivos&#8217; en t\u00e9rminos puramente materiales, claro. Puede que hasta alguien les diga que han perdido el tiempo.<\/p>\n<p>Aunque ellos saben que no, que lo han ganado, no estar\u00eda de m\u00e1s que el Estado o las universidades o quien sea les den un m\u00e1ster oficial de buenas personas -o sea, que cuente en su curr\u00edculum acad\u00e9mico- a los estudiantes que dedican una parte de sus vidas a ayudar a los dem\u00e1s. Es una idea. \u00bfO acaso es m\u00e1s valioso un trabajo de de presunta investigaci\u00f3n de cuarenta o 300 folios que dar clases a ni\u00f1os refugiados?<\/p>\n","protected":false},"excerpt":{"rendered":"<p>Buenas, soy Emilio Calatayud. Se llama Pablo, es &#8216;grana\u00edno&#8217; y licenciado en Psicolog\u00eda. Este pasado verano ha viajado al L\u00edbano, un pa\u00eds siempre en conflicto, para dar clases a ni\u00f1os musulmanes que malviven en un gigantesco campo de refugiados. Le ha enganchado tanto la experiencia que quiere quedarse un a\u00f1o m\u00e1s. \u00bfPor qu\u00e9 lo hace? [&hellip;]<\/p>\n","protected":false},"author":2,"featured_media":0,"comment_status":"open","ping_status":"open","sticky":false,"template":"","format":"standard","meta":{"jetpack_post_was_ever_published":false,"_jetpack_newsletter_access":"","_jetpack_dont_email_post_to_subs":false,"_jetpack_newsletter_tier_id":0,"_jetpack_memberships_contains_paywalled_content":false,"_jetpack_memberships_contains_paid_content":false,"footnotes":""},"categories":[1],"tags":[2204,2151],"class_list":["post-9205","post","type-post","status-publish","format-standard","hentry","category-blog","tag-buena-persona","tag-refugiados"],"jetpack_featured_media_url":"","jetpack_shortlink":"https:\/\/wp.me\/p5fzW5-2ot","jetpack-related-posts":[],"jetpack_sharing_enabled":true,"_links":{"self":[{"href":"https:\/\/www.granadablogs.com\/juezcalatayud\/wp-json\/wp\/v2\/posts\/9205","targetHints":{"allow":["GET"]}}],"collection":[{"href":"https:\/\/www.granadablogs.com\/juezcalatayud\/wp-json\/wp\/v2\/posts"}],"about":[{"href":"https:\/\/www.granadablogs.com\/juezcalatayud\/wp-json\/wp\/v2\/types\/post"}],"author":[{"embeddable":true,"href":"https:\/\/www.granadablogs.com\/juezcalatayud\/wp-json\/wp\/v2\/users\/2"}],"replies":[{"embeddable":true,"href":"https:\/\/www.granadablogs.com\/juezcalatayud\/wp-json\/wp\/v2\/comments?post=9205"}],"version-history":[{"count":11,"href":"https:\/\/www.granadablogs.com\/juezcalatayud\/wp-json\/wp\/v2\/posts\/9205\/revisions"}],"predecessor-version":[{"id":9218,"href":"https:\/\/www.granadablogs.com\/juezcalatayud\/wp-json\/wp\/v2\/posts\/9205\/revisions\/9218"}],"wp:attachment":[{"href":"https:\/\/www.granadablogs.com\/juezcalatayud\/wp-json\/wp\/v2\/media?parent=9205"}],"wp:term":[{"taxonomy":"category","embeddable":true,"href":"https:\/\/www.granadablogs.com\/juezcalatayud\/wp-json\/wp\/v2\/categories?post=9205"},{"taxonomy":"post_tag","embeddable":true,"href":"https:\/\/www.granadablogs.com\/juezcalatayud\/wp-json\/wp\/v2\/tags?post=9205"}],"curies":[{"name":"wp","href":"https:\/\/api.w.org\/{rel}","templated":true}]}}