{"id":9192,"date":"2018-09-16T19:15:16","date_gmt":"2018-09-16T17:15:16","guid":{"rendered":"https:\/\/www.granadablogs.com\/juezcalatayud\/?p=9192"},"modified":"2018-09-16T19:15:16","modified_gmt":"2018-09-16T17:15:16","slug":"empiezan-a-ir-al-instituto-por-primera-vez-los-ninos-de-12-anos-sigo-pensando-que-son-muy-pequenos-para-dar-ese-paso","status":"publish","type":"post","link":"https:\/\/www.granadablogs.com\/juezcalatayud\/2018\/09\/empiezan-a-ir-al-instituto-por-primera-vez-los-ninos-de-12-anos-sigo-pensando-que-son-muy-pequenos-para-dar-ese-paso\/","title":{"rendered":"Empiezan a ir al instituto por primera vez los ni\u00f1os de 12 a\u00f1os, sigo pensando que son muy peque\u00f1os para dar ese paso"},"content":{"rendered":"<figure id=\"attachment_9200\" aria-describedby=\"caption-attachment-9200\" style=\"width: 630px\" class=\"wp-caption aligncenter\"><img loading=\"lazy\" decoding=\"async\" class=\"wp-image-9200 size-full\" src=\"https:\/\/www.granadablogs.com\/juezcalatayud\/wp-content\/uploads\/2018\/09\/xlelsemanal.jpg\" alt=\"\" width=\"630\" height=\"437\" srcset=\"https:\/\/www.granadablogs.com\/juezcalatayud\/wp-content\/uploads\/2018\/09\/xlelsemanal.jpg 630w, https:\/\/www.granadablogs.com\/juezcalatayud\/wp-content\/uploads\/2018\/09\/xlelsemanal-300x208.jpg 300w\" sizes=\"auto, (max-width: 630px) 100vw, 630px\" \/><figcaption id=\"caption-attachment-9200\" class=\"wp-caption-text\">xlsemanal.com<\/figcaption><\/figure>\n<p>Buenas, soy Emilio Calatayud. Ma\u00f1ana, y me refiero a Granada y Andaluc\u00eda, cientos de ni\u00f1os de doce a\u00f1os ir\u00e1n por primera vez al instituto. Y cientos de padres aguardan el momento &#8216;acongojados&#8217; porque piensan que es demasiado pronto para que los chiquillos dejen el cole y pasen al instituto. Estoy de acuerdo con ellos. Siempre defiendo que no hay que sobreproteger a los ni\u00f1os y que hay que ense\u00f1arles a asumir responsabilidades, pero no creo que se tenga que hacer a toda velocidad. Las prisas no son buenas consejeras.<\/p>\n<p>Son responsables penalmente a partir de los catorce a\u00f1os, pero los mandamos al instituto con doce. Si son ni\u00f1os para una cosa, tienen que serlo para todo.<\/p>\n<p>En cualquier caso, padres de los novatos estad tranquilos. Aunque no sea el modelo ideal, seguro que todo va ir bien.<\/p>\n","protected":false},"excerpt":{"rendered":"<p>Buenas, soy Emilio Calatayud. Ma\u00f1ana, y me refiero a Granada y Andaluc\u00eda, cientos de ni\u00f1os de doce a\u00f1os ir\u00e1n por primera vez al instituto. Y cientos de padres aguardan el momento &#8216;acongojados&#8217; porque piensan que es demasiado pronto para que los chiquillos dejen el cole y pasen al instituto. Estoy de acuerdo con ellos. Siempre [&hellip;]<\/p>\n","protected":false},"author":2,"featured_media":0,"comment_status":"open","ping_status":"open","sticky":false,"template":"","format":"standard","meta":{"jetpack_post_was_ever_published":false,"_jetpack_newsletter_access":"","_jetpack_dont_email_post_to_subs":false,"_jetpack_newsletter_tier_id":0,"_jetpack_memberships_contains_paywalled_content":false,"_jetpack_memberships_contains_paid_content":false,"footnotes":""},"categories":[1],"tags":[74,1940,41],"class_list":["post-9192","post","type-post","status-publish","format-standard","hentry","category-blog","tag-doce-anos","tag-instituto","tag-ninos"],"jetpack_featured_media_url":"","jetpack_shortlink":"https:\/\/wp.me\/p5fzW5-2og","jetpack-related-posts":[],"jetpack_sharing_enabled":true,"_links":{"self":[{"href":"https:\/\/www.granadablogs.com\/juezcalatayud\/wp-json\/wp\/v2\/posts\/9192","targetHints":{"allow":["GET"]}}],"collection":[{"href":"https:\/\/www.granadablogs.com\/juezcalatayud\/wp-json\/wp\/v2\/posts"}],"about":[{"href":"https:\/\/www.granadablogs.com\/juezcalatayud\/wp-json\/wp\/v2\/types\/post"}],"author":[{"embeddable":true,"href":"https:\/\/www.granadablogs.com\/juezcalatayud\/wp-json\/wp\/v2\/users\/2"}],"replies":[{"embeddable":true,"href":"https:\/\/www.granadablogs.com\/juezcalatayud\/wp-json\/wp\/v2\/comments?post=9192"}],"version-history":[{"count":11,"href":"https:\/\/www.granadablogs.com\/juezcalatayud\/wp-json\/wp\/v2\/posts\/9192\/revisions"}],"predecessor-version":[{"id":9204,"href":"https:\/\/www.granadablogs.com\/juezcalatayud\/wp-json\/wp\/v2\/posts\/9192\/revisions\/9204"}],"wp:attachment":[{"href":"https:\/\/www.granadablogs.com\/juezcalatayud\/wp-json\/wp\/v2\/media?parent=9192"}],"wp:term":[{"taxonomy":"category","embeddable":true,"href":"https:\/\/www.granadablogs.com\/juezcalatayud\/wp-json\/wp\/v2\/categories?post=9192"},{"taxonomy":"post_tag","embeddable":true,"href":"https:\/\/www.granadablogs.com\/juezcalatayud\/wp-json\/wp\/v2\/tags?post=9192"}],"curies":[{"name":"wp","href":"https:\/\/api.w.org\/{rel}","templated":true}]}}