{"id":9167,"date":"2018-09-12T21:13:04","date_gmt":"2018-09-12T19:13:04","guid":{"rendered":"https:\/\/www.granadablogs.com\/juezcalatayud\/?p=9167"},"modified":"2018-09-19T17:34:07","modified_gmt":"2018-09-19T15:34:07","slug":"la-luz-debe-ser-un-bien-de-primera-necesidad-para-no-tener-que-pagarla-con-un-iva-del-21","status":"publish","type":"post","link":"https:\/\/www.granadablogs.com\/juezcalatayud\/2018\/09\/la-luz-debe-ser-un-bien-de-primera-necesidad-para-no-tener-que-pagarla-con-un-iva-del-21\/","title":{"rendered":"La luz debe ser un bien de primera necesidad para no tener que pagarla con un IVA del 21%"},"content":{"rendered":"<p>&nbsp;<\/p>\n<figure id=\"attachment_8627\" aria-describedby=\"caption-attachment-8627\" style=\"width: 644px\" class=\"wp-caption aligncenter\"><img loading=\"lazy\" decoding=\"async\" class=\"wp-image-8627 size-large\" src=\"https:\/\/www.granadablogs.com\/juezcalatayud\/wp-content\/uploads\/2018\/06\/Emi-abc-644x363.jpg\" alt=\"\" width=\"644\" height=\"363\" srcset=\"https:\/\/www.granadablogs.com\/juezcalatayud\/wp-content\/uploads\/2018\/06\/Emi-abc-644x363.jpg 644w, https:\/\/www.granadablogs.com\/juezcalatayud\/wp-content\/uploads\/2018\/06\/Emi-abc-300x169.jpg 300w, https:\/\/www.granadablogs.com\/juezcalatayud\/wp-content\/uploads\/2018\/06\/Emi-abc-768x433.jpg 768w, https:\/\/www.granadablogs.com\/juezcalatayud\/wp-content\/uploads\/2018\/06\/Emi-abc.jpg 1238w\" sizes=\"auto, (max-width: 644px) 100vw, 644px\" \/><figcaption id=\"caption-attachment-8627\" class=\"wp-caption-text\">abc.es<\/figcaption><\/figure>\n<p>Buenas, soy Emilio Calatayud. Sigo con el tema del precio de la luz. Vamos a ver, aunque parezca incre\u00edble, la electricidad no est\u00e1 considerada como un art\u00edculo de primera necesidad, por lo que debemos pagar un 21% de IVA. Es decir, como si fuera un art\u00edculo de lujo. No ser\u00eda m\u00e1s l\u00f3gico que, como m\u00ednimo, se aplicase a la luz el IVA reducido del 10%.<\/p>\n<p>Aqu\u00ed tiene el Gobierno una medida social que pod\u00eda asumir. Hasta el Defensor del Pueblo apoya que se reduzca el IVA de la luz.<\/p>\n<p>Es tan justo como reducir el IVA a los productos de higiene femenina o a los pa\u00f1ales, que el Gobierno dijo que lo iba a hacer y no s\u00e9 si lo ha hecho ya.<\/p>\n","protected":false},"excerpt":{"rendered":"<p>&nbsp; Buenas, soy Emilio Calatayud. Sigo con el tema del precio de la luz. Vamos a ver, aunque parezca incre\u00edble, la electricidad no est\u00e1 considerada como un art\u00edculo de primera necesidad, por lo que debemos pagar un 21% de IVA. Es decir, como si fuera un art\u00edculo de lujo. No ser\u00eda m\u00e1s l\u00f3gico que, como [&hellip;]<\/p>\n","protected":false},"author":2,"featured_media":0,"comment_status":"open","ping_status":"open","sticky":false,"template":"","format":"standard","meta":{"jetpack_post_was_ever_published":false,"_jetpack_newsletter_access":"","_jetpack_dont_email_post_to_subs":false,"_jetpack_newsletter_tier_id":0,"_jetpack_memberships_contains_paywalled_content":false,"_jetpack_memberships_contains_paid_content":false,"footnotes":""},"categories":[1],"tags":[2199,614],"class_list":["post-9167","post","type-post","status-publish","format-standard","hentry","category-blog","tag-iva","tag-luz"],"jetpack_featured_media_url":"","jetpack_shortlink":"https:\/\/wp.me\/p5fzW5-2nR","jetpack-related-posts":[],"jetpack_sharing_enabled":true,"_links":{"self":[{"href":"https:\/\/www.granadablogs.com\/juezcalatayud\/wp-json\/wp\/v2\/posts\/9167","targetHints":{"allow":["GET"]}}],"collection":[{"href":"https:\/\/www.granadablogs.com\/juezcalatayud\/wp-json\/wp\/v2\/posts"}],"about":[{"href":"https:\/\/www.granadablogs.com\/juezcalatayud\/wp-json\/wp\/v2\/types\/post"}],"author":[{"embeddable":true,"href":"https:\/\/www.granadablogs.com\/juezcalatayud\/wp-json\/wp\/v2\/users\/2"}],"replies":[{"embeddable":true,"href":"https:\/\/www.granadablogs.com\/juezcalatayud\/wp-json\/wp\/v2\/comments?post=9167"}],"version-history":[{"count":3,"href":"https:\/\/www.granadablogs.com\/juezcalatayud\/wp-json\/wp\/v2\/posts\/9167\/revisions"}],"predecessor-version":[{"id":9170,"href":"https:\/\/www.granadablogs.com\/juezcalatayud\/wp-json\/wp\/v2\/posts\/9167\/revisions\/9170"}],"wp:attachment":[{"href":"https:\/\/www.granadablogs.com\/juezcalatayud\/wp-json\/wp\/v2\/media?parent=9167"}],"wp:term":[{"taxonomy":"category","embeddable":true,"href":"https:\/\/www.granadablogs.com\/juezcalatayud\/wp-json\/wp\/v2\/categories?post=9167"},{"taxonomy":"post_tag","embeddable":true,"href":"https:\/\/www.granadablogs.com\/juezcalatayud\/wp-json\/wp\/v2\/tags?post=9167"}],"curies":[{"name":"wp","href":"https:\/\/api.w.org\/{rel}","templated":true}]}}