{"id":9086,"date":"2018-08-31T22:40:01","date_gmt":"2018-08-31T20:40:01","guid":{"rendered":"https:\/\/www.granadablogs.com\/juezcalatayud\/?p=9086"},"modified":"2018-08-31T22:40:01","modified_gmt":"2018-08-31T20:40:01","slug":"ni-sindrome-posvacacional-ni-na-a-trabajar-y-a-estudiar-el-verdadero-sindrome-es-el-paro","status":"publish","type":"post","link":"https:\/\/www.granadablogs.com\/juezcalatayud\/2018\/08\/ni-sindrome-posvacacional-ni-na-a-trabajar-y-a-estudiar-el-verdadero-sindrome-es-el-paro\/","title":{"rendered":"Ni s\u00edndrome posvacacional ni &#8216;na&#8217;, a trabajar y a estudiar, el verdadero s\u00edndrome es el paro"},"content":{"rendered":"<p>&nbsp;<\/p>\n<figure id=\"attachment_8720\" aria-describedby=\"caption-attachment-8720\" style=\"width: 575px\" class=\"wp-caption aligncenter\"><img loading=\"lazy\" decoding=\"async\" class=\"wp-image-8720 size-full\" src=\"https:\/\/www.granadablogs.com\/juezcalatayud\/wp-content\/uploads\/2018\/06\/alboxcalatayud_.jpg\" alt=\"\" width=\"575\" height=\"323\" srcset=\"https:\/\/www.granadablogs.com\/juezcalatayud\/wp-content\/uploads\/2018\/06\/alboxcalatayud_.jpg 575w, https:\/\/www.granadablogs.com\/juezcalatayud\/wp-content\/uploads\/2018\/06\/alboxcalatayud_-300x169.jpg 300w\" sizes=\"auto, (max-width: 575px) 100vw, 575px\" \/><figcaption id=\"caption-attachment-8720\" class=\"wp-caption-text\">ideal.es<\/figcaption><\/figure>\n<p>Buenas, soy Emilio Calatayud. Ya estamos con otro cl\u00e1sico period\u00edstico de estas fechas: el s\u00edndrome posvacacional. Se acaba agosto, llega septiembre y con \u00e9l, el s\u00edndrome posvacacional. Pues ni s\u00edndrome posvacacional\u00a0 ni &#8216;na&#8217;: a trabajar y a estudiar con alegr\u00eda (sin exagerar). El verdadero s\u00edndrome es el paro.<\/p>\n<p>\u00a1Venga, que hay que levantar Espa\u00f1a! Y sed moderadamente felices. Y los menores, a portarse bien que yo vuelvo al trabajo el lunes y vengo con las pilas a tope.<\/p>\n<p>&nbsp;<\/p>\n","protected":false},"excerpt":{"rendered":"<p>&nbsp; Buenas, soy Emilio Calatayud. Ya estamos con otro cl\u00e1sico period\u00edstico de estas fechas: el s\u00edndrome posvacacional. Se acaba agosto, llega septiembre y con \u00e9l, el s\u00edndrome posvacacional. Pues ni s\u00edndrome posvacacional\u00a0 ni &#8216;na&#8217;: a trabajar y a estudiar con alegr\u00eda (sin exagerar). El verdadero s\u00edndrome es el paro. \u00a1Venga, que hay que levantar Espa\u00f1a! [&hellip;]<\/p>\n","protected":false},"author":2,"featured_media":0,"comment_status":"open","ping_status":"open","sticky":false,"template":"","format":"standard","meta":{"jetpack_post_was_ever_published":false,"_jetpack_newsletter_access":"","_jetpack_dont_email_post_to_subs":false,"_jetpack_newsletter_tier_id":0,"_jetpack_memberships_contains_paywalled_content":false,"_jetpack_memberships_contains_paid_content":false,"footnotes":""},"categories":[1],"tags":[1189,2187],"class_list":["post-9086","post","type-post","status-publish","format-standard","hentry","category-blog","tag-posvacacional","tag-sindrome"],"jetpack_featured_media_url":"","jetpack_shortlink":"https:\/\/wp.me\/p5fzW5-2my","jetpack-related-posts":[],"jetpack_sharing_enabled":true,"_links":{"self":[{"href":"https:\/\/www.granadablogs.com\/juezcalatayud\/wp-json\/wp\/v2\/posts\/9086","targetHints":{"allow":["GET"]}}],"collection":[{"href":"https:\/\/www.granadablogs.com\/juezcalatayud\/wp-json\/wp\/v2\/posts"}],"about":[{"href":"https:\/\/www.granadablogs.com\/juezcalatayud\/wp-json\/wp\/v2\/types\/post"}],"author":[{"embeddable":true,"href":"https:\/\/www.granadablogs.com\/juezcalatayud\/wp-json\/wp\/v2\/users\/2"}],"replies":[{"embeddable":true,"href":"https:\/\/www.granadablogs.com\/juezcalatayud\/wp-json\/wp\/v2\/comments?post=9086"}],"version-history":[{"count":4,"href":"https:\/\/www.granadablogs.com\/juezcalatayud\/wp-json\/wp\/v2\/posts\/9086\/revisions"}],"predecessor-version":[{"id":9090,"href":"https:\/\/www.granadablogs.com\/juezcalatayud\/wp-json\/wp\/v2\/posts\/9086\/revisions\/9090"}],"wp:attachment":[{"href":"https:\/\/www.granadablogs.com\/juezcalatayud\/wp-json\/wp\/v2\/media?parent=9086"}],"wp:term":[{"taxonomy":"category","embeddable":true,"href":"https:\/\/www.granadablogs.com\/juezcalatayud\/wp-json\/wp\/v2\/categories?post=9086"},{"taxonomy":"post_tag","embeddable":true,"href":"https:\/\/www.granadablogs.com\/juezcalatayud\/wp-json\/wp\/v2\/tags?post=9086"}],"curies":[{"name":"wp","href":"https:\/\/api.w.org\/{rel}","templated":true}]}}