{"id":8338,"date":"2018-05-11T20:28:10","date_gmt":"2018-05-11T18:28:10","guid":{"rendered":"http:\/\/www.granadablogs.com\/juezcalatayud\/?p=8338"},"modified":"2018-05-11T20:28:10","modified_gmt":"2018-05-11T18:28:10","slug":"que-la-primera-comunion-no-sea-la-ultima-que-es-lo-que-pasa-habitualmente","status":"publish","type":"post","link":"https:\/\/www.granadablogs.com\/juezcalatayud\/2018\/05\/que-la-primera-comunion-no-sea-la-ultima-que-es-lo-que-pasa-habitualmente\/","title":{"rendered":"Que la primera comuni\u00f3n no sea la \u00faltima, que es lo que pasa habitualmente"},"content":{"rendered":"<p><img loading=\"lazy\" decoding=\"async\" class=\"aligncenter size-thumbnail wp-image-8341\" src=\"http:\/\/www.granadablogs.com\/juezcalatayud\/wp-content\/uploads\/2018\/05\/Comulgantes-150x150.jpg\" alt=\"\" width=\"150\" height=\"150\" \/><\/p>\n<p>&nbsp;<\/p>\n<p>Buenas, soy Emilio Calatayud. Ya est\u00e1, salvo que ocurra algo que nos obligue a desdecirnos, este ser\u00e1 el \u00faltimo comentario, por este a\u00f1o, sobre las comuniones. M\u00e1s que una reflexi\u00f3n es un deseo: Que la primera comuni\u00f3n no sea la \u00faltima, que es lo que pasa habitualmente.<\/p>\n<p>Parece que nos\u00a0olvidamos de que es una celebraci\u00f3n religiosa, muy importante para los cat\u00f3licos como yo, y cuando se cierran las puertas del restaurante y se apagan las luces de los fuegos artificiales, muchos ni\u00f1os ya no vuelven a la iglesia a comulgar. Es como si lo \u00fanico importante fuera la fiesta y en realidad es lo prescindible. Sea como sea, pasarlo bien con vuestros hijos.<\/p>\n","protected":false},"excerpt":{"rendered":"<p>&nbsp; Buenas, soy Emilio Calatayud. Ya est\u00e1, salvo que ocurra algo que nos obligue a desdecirnos, este ser\u00e1 el \u00faltimo comentario, por este a\u00f1o, sobre las comuniones. M\u00e1s que una reflexi\u00f3n es un deseo: Que la primera comuni\u00f3n no sea la \u00faltima, que es lo que pasa habitualmente. Parece que nos\u00a0olvidamos de que es una [&hellip;]<\/p>\n","protected":false},"author":2,"featured_media":0,"comment_status":"open","ping_status":"open","sticky":false,"template":"","format":"standard","meta":{"jetpack_post_was_ever_published":false,"_jetpack_newsletter_access":"","_jetpack_dont_email_post_to_subs":false,"_jetpack_newsletter_tier_id":0,"_jetpack_memberships_contains_paywalled_content":false,"_jetpack_memberships_contains_paid_content":false,"footnotes":""},"categories":[1],"tags":[1246,1048,1385],"class_list":["post-8338","post","type-post","status-publish","format-standard","hentry","category-blog","tag-comunion","tag-primera","tag-ultima"],"jetpack_featured_media_url":"","jetpack_shortlink":"https:\/\/wp.me\/p5fzW5-2au","jetpack-related-posts":[],"jetpack_sharing_enabled":true,"_links":{"self":[{"href":"https:\/\/www.granadablogs.com\/juezcalatayud\/wp-json\/wp\/v2\/posts\/8338","targetHints":{"allow":["GET"]}}],"collection":[{"href":"https:\/\/www.granadablogs.com\/juezcalatayud\/wp-json\/wp\/v2\/posts"}],"about":[{"href":"https:\/\/www.granadablogs.com\/juezcalatayud\/wp-json\/wp\/v2\/types\/post"}],"author":[{"embeddable":true,"href":"https:\/\/www.granadablogs.com\/juezcalatayud\/wp-json\/wp\/v2\/users\/2"}],"replies":[{"embeddable":true,"href":"https:\/\/www.granadablogs.com\/juezcalatayud\/wp-json\/wp\/v2\/comments?post=8338"}],"version-history":[{"count":3,"href":"https:\/\/www.granadablogs.com\/juezcalatayud\/wp-json\/wp\/v2\/posts\/8338\/revisions"}],"predecessor-version":[{"id":8342,"href":"https:\/\/www.granadablogs.com\/juezcalatayud\/wp-json\/wp\/v2\/posts\/8338\/revisions\/8342"}],"wp:attachment":[{"href":"https:\/\/www.granadablogs.com\/juezcalatayud\/wp-json\/wp\/v2\/media?parent=8338"}],"wp:term":[{"taxonomy":"category","embeddable":true,"href":"https:\/\/www.granadablogs.com\/juezcalatayud\/wp-json\/wp\/v2\/categories?post=8338"},{"taxonomy":"post_tag","embeddable":true,"href":"https:\/\/www.granadablogs.com\/juezcalatayud\/wp-json\/wp\/v2\/tags?post=8338"}],"curies":[{"name":"wp","href":"https:\/\/api.w.org\/{rel}","templated":true}]}}