{"id":8205,"date":"2018-04-22T19:07:07","date_gmt":"2018-04-22T17:07:07","guid":{"rendered":"http:\/\/www.granadablogs.com\/juezcalatayud\/?p=8205"},"modified":"2018-04-22T19:07:07","modified_gmt":"2018-04-22T17:07:07","slug":"es-un-error-que-los-moviles-sean-el-regalo-estrella-de-las-comuniones","status":"publish","type":"post","link":"https:\/\/www.granadablogs.com\/juezcalatayud\/2018\/04\/es-un-error-que-los-moviles-sean-el-regalo-estrella-de-las-comuniones\/","title":{"rendered":"\u00abEs un error que los m\u00f3viles sean el regalo estrella de las comuniones\u00bb"},"content":{"rendered":"<p><img loading=\"lazy\" decoding=\"async\" class=\"aligncenter size-medium wp-image-8208\" src=\"http:\/\/www.granadablogs.com\/juezcalatayud\/wp-content\/uploads\/2018\/04\/comuniones-300x168.jpg\" alt=\"\" width=\"300\" height=\"168\" \/><\/p>\n<p>&nbsp;<\/p>\n<p>El aburrimiento, a pesar de su mala fama, tambi\u00e9n puede ser creativo. A Jorge Flores (Bilbao, 1968) le pas\u00f3: se licenci\u00f3 en Inform\u00e1tica en la Universidad de Deusto, pero programar le hastiaba, as\u00ed que busc\u00f3 nuevos horizontes. Internet comenzaba a desplegarse por el mundo y Jorge vio las posibilidades educativas que ofrec\u00eda el invento. De ah\u00ed naci\u00f3 \u2013corr\u00eda el a\u00f1o 2004\u2013 el proyecto Pantallas Amigas, una iniciativa que pretende conciliar la seguridad, sobre todo, de los menores, y el uso de la red.<\/p>\n<p>El experto estar\u00e1 ma\u00f1ana, 23 de abril, en Granada para compartir con el juez Emilio Calatayud una nueva entrega de la Escuela de Padres de IDEAL. Ser\u00e1 en el Teatro CajaGranada de la capital a partir de las ocho y media de la tarde. La entrada es libre hasta completar el aforo.<\/p>\n<p>Aqu\u00ed os dejamos un extracto de una entrevista con Jorge Flores.<\/p>\n<p>\u2013<strong>\u00bfPara qu\u00e9 necesita un ni\u00f1o de diez a\u00f1os un m\u00f3vil con conexi\u00f3n a Internet?<\/strong><\/p>\n<p>\u2013No es tanto la edad&#8230; Un ni\u00f1o puede tener m\u00f3vil cuando los padres est\u00e9n preparados y dispuestos para atenderlo de forma adecuada. En todo caso, tener un m\u00f3vil a los diez a\u00f1os, pues no. Conocemos la sociedad espa\u00f1ola y c\u00f3mo funcionan los padres y las madres, en la mayor\u00eda de los casos me parece una irresponsabilidad. Por lo que sabemos, los padres no dedican la atenci\u00f3n necesaria y tampoco tienen los conocimientos necesarios. Cuando se toma esa decisi\u00f3n hay que valorar las ventajas y los inconvenientes. Yen esas edades, est\u00e1 demostrado sobradamente que las ventajas no compensan a los inconvenientes.<\/p>\n<p>\u2013<strong>Sin embargo, sigue siendo el regalo estrella en las comuniones&#8230;<\/strong><\/p>\n<p>\u2013S\u00ed, pero me parece un error. En general, estamos haciendo cosas inadecuadas con respecto a la tecnolog\u00eda. Tambi\u00e9n las personas adultas y esta ser\u00eda una m\u00e1s.<\/p>\n<p>\u2013<strong>\u00bfC\u00f3mo se convence a un chaval de nueve o diez a\u00f1os de que no le hace falta un m\u00f3vil cuando el resto de sus amigos ya lo tienen?<\/strong><\/p>\n<p>\u2013Es que el ni\u00f1o no tiene que estar de acuerdo con nosotros. Se le dice que creemos que no es adecuado para \u00e9l y, como yo tengo la responsabilidad, pues he tomado esta decisi\u00f3n. No todos los modelos de educaci\u00f3n son iguales. Cada uno toma sus decisi\u00f3n.<\/p>\n<p>Leer la entrevista completa aqu\u00ed:<\/p>\n<p><a href=\"http:\/\/www.ideal.es\/granada\/decir-padre-hijo-20180422170326-nt.html\">http:\/\/www.ideal.es\/granada\/decir-padre-hijo-20180422170326-nt.html<\/a><\/p>\n<p>&nbsp;<\/p>\n","protected":false},"excerpt":{"rendered":"<p>&nbsp; El aburrimiento, a pesar de su mala fama, tambi\u00e9n puede ser creativo. A Jorge Flores (Bilbao, 1968) le pas\u00f3: se licenci\u00f3 en Inform\u00e1tica en la Universidad de Deusto, pero programar le hastiaba, as\u00ed que busc\u00f3 nuevos horizontes. Internet comenzaba a desplegarse por el mundo y Jorge vio las posibilidades educativas que ofrec\u00eda el invento. [&hellip;]<\/p>\n","protected":false},"author":3,"featured_media":0,"comment_status":"open","ping_status":"open","sticky":false,"template":"","format":"standard","meta":{"jetpack_post_was_ever_published":false,"_jetpack_newsletter_access":"","_jetpack_dont_email_post_to_subs":false,"_jetpack_newsletter_tier_id":0,"_jetpack_memberships_contains_paywalled_content":false,"_jetpack_memberships_contains_paid_content":false,"footnotes":""},"categories":[1],"tags":[1468,89,90],"class_list":["post-8205","post","type-post","status-publish","format-standard","hentry","category-blog","tag-de-ideal","tag-escuela","tag-padres"],"jetpack_featured_media_url":"","jetpack_shortlink":"https:\/\/wp.me\/p5fzW5-28l","jetpack-related-posts":[],"jetpack_sharing_enabled":true,"_links":{"self":[{"href":"https:\/\/www.granadablogs.com\/juezcalatayud\/wp-json\/wp\/v2\/posts\/8205","targetHints":{"allow":["GET"]}}],"collection":[{"href":"https:\/\/www.granadablogs.com\/juezcalatayud\/wp-json\/wp\/v2\/posts"}],"about":[{"href":"https:\/\/www.granadablogs.com\/juezcalatayud\/wp-json\/wp\/v2\/types\/post"}],"author":[{"embeddable":true,"href":"https:\/\/www.granadablogs.com\/juezcalatayud\/wp-json\/wp\/v2\/users\/3"}],"replies":[{"embeddable":true,"href":"https:\/\/www.granadablogs.com\/juezcalatayud\/wp-json\/wp\/v2\/comments?post=8205"}],"version-history":[{"count":3,"href":"https:\/\/www.granadablogs.com\/juezcalatayud\/wp-json\/wp\/v2\/posts\/8205\/revisions"}],"predecessor-version":[{"id":8209,"href":"https:\/\/www.granadablogs.com\/juezcalatayud\/wp-json\/wp\/v2\/posts\/8205\/revisions\/8209"}],"wp:attachment":[{"href":"https:\/\/www.granadablogs.com\/juezcalatayud\/wp-json\/wp\/v2\/media?parent=8205"}],"wp:term":[{"taxonomy":"category","embeddable":true,"href":"https:\/\/www.granadablogs.com\/juezcalatayud\/wp-json\/wp\/v2\/categories?post=8205"},{"taxonomy":"post_tag","embeddable":true,"href":"https:\/\/www.granadablogs.com\/juezcalatayud\/wp-json\/wp\/v2\/tags?post=8205"}],"curies":[{"name":"wp","href":"https:\/\/api.w.org\/{rel}","templated":true}]}}