{"id":8188,"date":"2018-04-19T20:36:59","date_gmt":"2018-04-19T18:36:59","guid":{"rendered":"http:\/\/www.granadablogs.com\/juezcalatayud\/?p=8188"},"modified":"2018-04-19T21:51:52","modified_gmt":"2018-04-19T19:51:52","slug":"como-les-vamos-a-exigir-a-los-menores-que-no-beban-alcohol-si-los-adultos-hemos-convertido-las-fiestas-patronales-en-botellones-institucionalizados","status":"publish","type":"post","link":"https:\/\/www.granadablogs.com\/juezcalatayud\/2018\/04\/como-les-vamos-a-exigir-a-los-menores-que-no-beban-alcohol-si-los-adultos-hemos-convertido-las-fiestas-patronales-en-botellones-institucionalizados\/","title":{"rendered":"C\u00f3mo les vamos a exigir a los menores que no beban alcohol si los adultos hemos convertido las fiestas patronales en botellones institucionalizados"},"content":{"rendered":"<p>&nbsp;<\/p>\n<figure id=\"attachment_8192\" aria-describedby=\"caption-attachment-8192\" style=\"width: 150px\" class=\"wp-caption aligncenter\"><img loading=\"lazy\" decoding=\"async\" class=\"size-thumbnail wp-image-8192\" src=\"http:\/\/www.granadablogs.com\/juezcalatayud\/wp-content\/uploads\/2018\/04\/Jes\u00fas-Ferrero-150x150.jpg\" alt=\"\" width=\"150\" height=\"150\" srcset=\"https:\/\/www.granadablogs.com\/juezcalatayud\/wp-content\/uploads\/2018\/04\/Jes\u00fas-Ferrero-150x150.jpg 150w, https:\/\/www.granadablogs.com\/juezcalatayud\/wp-content\/uploads\/2018\/04\/Jes\u00fas-Ferrero-300x300.jpg 300w, https:\/\/www.granadablogs.com\/juezcalatayud\/wp-content\/uploads\/2018\/04\/Jes\u00fas-Ferrero-768x768.jpg 768w, https:\/\/www.granadablogs.com\/juezcalatayud\/wp-content\/uploads\/2018\/04\/Jes\u00fas-Ferrero-644x644.jpg 644w, https:\/\/www.granadablogs.com\/juezcalatayud\/wp-content\/uploads\/2018\/04\/Jes\u00fas-Ferrero.jpg 1474w\" sizes=\"auto, (max-width: 150px) 100vw, 150px\" \/><figcaption id=\"caption-attachment-8192\" class=\"wp-caption-text\">Jes\u00fas Ferrero\/ El Correo<\/figcaption><\/figure>\n<p>Buenas, soy Emilio Calatayud. Parece que el Congreso y el Senado ya est\u00e1n en la recta final para dictar una ley que proteja a los menores del consumo de alcohol, lo cual es muy loable. La ley, y ya hemos hablado de esto en otras ocasiones, contempla la posibilidad de multar a los padres de los menores que se emborrachen. Y si los padres quieren librarse de pagar, deber\u00e1n acudir con los ni\u00f1os a cursos contra el alcoholismo. Me parece bien. Son pasos en la buena direcci\u00f3n, pero tambi\u00e9n hay que dejar claro que todo esto tiene que ir acompa\u00f1ado de un cambio social para que no se quede en nada. Me explico con un ejemplo que creo que se va a entender:\u00a0 C\u00f3mo les vamos a exigir a los menores que no beban alcohol si los adultos hemos convertido las fiestas patronales en botellones institucionalizados.<\/p>\n<p>Por cierto, y ya lo he dicho alguna vez, la ley tambi\u00e9n deber\u00eda incluir multas para los pol\u00edticos que permitan los botellones.<\/p>\n<p>&nbsp;<\/p>\n<p>&nbsp;<\/p>\n","protected":false},"excerpt":{"rendered":"<p>&nbsp; Buenas, soy Emilio Calatayud. Parece que el Congreso y el Senado ya est\u00e1n en la recta final para dictar una ley que proteja a los menores del consumo de alcohol, lo cual es muy loable. La ley, y ya hemos hablado de esto en otras ocasiones, contempla la posibilidad de multar a los padres [&hellip;]<\/p>\n","protected":false},"author":2,"featured_media":0,"comment_status":"open","ping_status":"open","sticky":false,"template":"","format":"standard","meta":{"jetpack_post_was_ever_published":false,"_jetpack_newsletter_access":"","_jetpack_dont_email_post_to_subs":true,"_jetpack_newsletter_tier_id":0,"_jetpack_memberships_contains_paywalled_content":false,"_jetpack_memberships_contains_paid_content":false,"footnotes":""},"categories":[1],"tags":[23,5,90],"class_list":["post-8188","post","type-post","status-publish","format-standard","hentry","category-blog","tag-alcohol","tag-menores","tag-padres"],"jetpack_featured_media_url":"","jetpack_shortlink":"https:\/\/wp.me\/p5fzW5-284","jetpack-related-posts":[],"jetpack_sharing_enabled":true,"_links":{"self":[{"href":"https:\/\/www.granadablogs.com\/juezcalatayud\/wp-json\/wp\/v2\/posts\/8188","targetHints":{"allow":["GET"]}}],"collection":[{"href":"https:\/\/www.granadablogs.com\/juezcalatayud\/wp-json\/wp\/v2\/posts"}],"about":[{"href":"https:\/\/www.granadablogs.com\/juezcalatayud\/wp-json\/wp\/v2\/types\/post"}],"author":[{"embeddable":true,"href":"https:\/\/www.granadablogs.com\/juezcalatayud\/wp-json\/wp\/v2\/users\/2"}],"replies":[{"embeddable":true,"href":"https:\/\/www.granadablogs.com\/juezcalatayud\/wp-json\/wp\/v2\/comments?post=8188"}],"version-history":[{"count":5,"href":"https:\/\/www.granadablogs.com\/juezcalatayud\/wp-json\/wp\/v2\/posts\/8188\/revisions"}],"predecessor-version":[{"id":8194,"href":"https:\/\/www.granadablogs.com\/juezcalatayud\/wp-json\/wp\/v2\/posts\/8188\/revisions\/8194"}],"wp:attachment":[{"href":"https:\/\/www.granadablogs.com\/juezcalatayud\/wp-json\/wp\/v2\/media?parent=8188"}],"wp:term":[{"taxonomy":"category","embeddable":true,"href":"https:\/\/www.granadablogs.com\/juezcalatayud\/wp-json\/wp\/v2\/categories?post=8188"},{"taxonomy":"post_tag","embeddable":true,"href":"https:\/\/www.granadablogs.com\/juezcalatayud\/wp-json\/wp\/v2\/tags?post=8188"}],"curies":[{"name":"wp","href":"https:\/\/api.w.org\/{rel}","templated":true}]}}