{"id":818,"date":"2010-10-22T18:58:06","date_gmt":"2010-10-22T17:58:06","guid":{"rendered":"http:\/\/www.granadablogs.com\/juezcalatayud\/?p=818"},"modified":"2010-10-22T18:58:06","modified_gmt":"2010-10-22T17:58:06","slug":"critica-de-una-periodista-y-peticion-de-disculpas","status":"publish","type":"post","link":"https:\/\/www.granadablogs.com\/juezcalatayud\/2010\/10\/critica-de-una-periodista-y-peticion-de-disculpas\/","title":{"rendered":"Cr\u00edtica de una periodista y petici\u00f3n de disculpas"},"content":{"rendered":"<p>Ayer sub\u00ed al blog una informaci\u00f3n sobre unas declaraciones de Pepe Chamizo, Defensor del Pueblo Andaluz, y por error no especifiqu\u00e9 que la informaci\u00f3n era de la agencia Efe. Fue una equivocaci\u00f3n y una excepci\u00f3n. Cualquiera que repase el blog, ver\u00e1 que citamos las fuentes, como no pod\u00eda ser de otra forma (en la entrevista que hicimos v\u00eda Facebook se detall\u00f3 incluso qui\u00e9n era el autor de cada pregunta). Pero esto no ocurri\u00f3 ayer. Podr\u00eda poner mil excusas (que hago esto adem\u00e1s de mi trabajo, que s\u00f3lo somos dos para atender el blog y el volumen de participaci\u00f3n es elevado), pero el caso es que no se cit\u00f3 la fuente. Y una amiga del blog que firma como &#8216;periodista&#8217; me lo recrimina. Y lleva raz\u00f3n al hacerlo. Su queja dice as\u00ed: \u00abComprendo que este blog persigue un fin muy digno, pero no por ello puedo dejar pasar por alto algo que me parece igual de digno y fundamental. por qu\u00e9 no se acredita la autor\u00eda de esa informaci\u00f3n?, sobre todo cuando un periodista es el que se hace eco de ella y no piensa que le ha costado un esfuerzo intelectual y profesional a un compa\u00f1ero suyo. c\u00f3mo se puede firmar una informaci\u00f3n que no es propia, calc\u00e1ndola sin m\u00e1s? Lo digo sin acritud alguna, pero ser\u00eda bueno un poco m\u00e1s de delicadeza y de reconocimiento al trabajo y la profesionalidad ajenos. Ya s\u00e9 que los de EFE son \u00bfan\u00f3nimos?, pero por esa regla de tres a\u00fan lo ser\u00e1n siempre mucho m\u00e1s. Saludos y un abrazo de compa\u00f1eros\u00bb. Repito: lleva raz\u00f3n. Y la puntualizaci\u00f3n es muy oportuna. Por aquello de los espectaculares avances en las tecnolog\u00edas de la informaci\u00f3n, vivimos unos tiempos en los que parece que las noticias las crean las m\u00e1quinas y no es verdad. Parece que los periodistas sobramos y no es verdad. Internet vive muy mayoritariamente de comentar y recomentar las noticias que recogen los periodistas. Eso es una evidencia. Por ejemplo, toda Espa\u00f1a est\u00e1 hablando de los comentarios del alcalde de Valladolid sobre Leire Paj\u00edn. Pues esa pol\u00e9mica existe gracias a que un periodista pregunt\u00f3 al se\u00f1or Le\u00f3n de la Riva y se preocup\u00f3 de recoger las respuestas. Si no, nada de nada. Un Ipad, Ipod o como se llamen no generan nada por s\u00ed solos. Resumiendo, que al C\u00e9sar lo que es del C\u00e9sar, y a los periodistas lo que es de los periodistas (adem\u00e1s, a nosotros tambi\u00e9n nos gusta que, quien haga uso de esto blog, lo cite).<\/p>\n","protected":false},"excerpt":{"rendered":"<p>Ayer sub\u00ed al blog una informaci\u00f3n sobre unas declaraciones de Pepe Chamizo, Defensor del Pueblo Andaluz, y por error no especifiqu\u00e9 que la informaci\u00f3n era de la agencia Efe. Fue una equivocaci\u00f3n y una excepci\u00f3n. Cualquiera que repase el blog, ver\u00e1 que citamos las fuentes, como no pod\u00eda ser de otra forma (en la entrevista [&hellip;]<\/p>\n","protected":false},"author":3,"featured_media":0,"comment_status":"open","ping_status":"open","sticky":false,"template":"","format":"standard","meta":{"jetpack_post_was_ever_published":false,"_jetpack_newsletter_access":"","_jetpack_dont_email_post_to_subs":false,"_jetpack_newsletter_tier_id":0,"_jetpack_memberships_contains_paywalled_content":false,"_jetpack_memberships_contains_paid_content":false,"footnotes":""},"categories":[1],"tags":[],"class_list":["post-818","post","type-post","status-publish","format-standard","hentry","category-blog"],"jetpack_featured_media_url":"","jetpack_shortlink":"https:\/\/wp.me\/p5fzW5-dc","jetpack-related-posts":[],"jetpack_sharing_enabled":true,"_links":{"self":[{"href":"https:\/\/www.granadablogs.com\/juezcalatayud\/wp-json\/wp\/v2\/posts\/818","targetHints":{"allow":["GET"]}}],"collection":[{"href":"https:\/\/www.granadablogs.com\/juezcalatayud\/wp-json\/wp\/v2\/posts"}],"about":[{"href":"https:\/\/www.granadablogs.com\/juezcalatayud\/wp-json\/wp\/v2\/types\/post"}],"author":[{"embeddable":true,"href":"https:\/\/www.granadablogs.com\/juezcalatayud\/wp-json\/wp\/v2\/users\/3"}],"replies":[{"embeddable":true,"href":"https:\/\/www.granadablogs.com\/juezcalatayud\/wp-json\/wp\/v2\/comments?post=818"}],"version-history":[{"count":1,"href":"https:\/\/www.granadablogs.com\/juezcalatayud\/wp-json\/wp\/v2\/posts\/818\/revisions"}],"predecessor-version":[{"id":819,"href":"https:\/\/www.granadablogs.com\/juezcalatayud\/wp-json\/wp\/v2\/posts\/818\/revisions\/819"}],"wp:attachment":[{"href":"https:\/\/www.granadablogs.com\/juezcalatayud\/wp-json\/wp\/v2\/media?parent=818"}],"wp:term":[{"taxonomy":"category","embeddable":true,"href":"https:\/\/www.granadablogs.com\/juezcalatayud\/wp-json\/wp\/v2\/categories?post=818"},{"taxonomy":"post_tag","embeddable":true,"href":"https:\/\/www.granadablogs.com\/juezcalatayud\/wp-json\/wp\/v2\/tags?post=818"}],"curies":[{"name":"wp","href":"https:\/\/api.w.org\/{rel}","templated":true}]}}