{"id":815,"date":"2010-10-21T18:51:08","date_gmt":"2010-10-21T17:51:08","guid":{"rendered":"http:\/\/www.granadablogs.com\/juezcalatayud\/?p=815"},"modified":"2010-10-21T18:52:17","modified_gmt":"2010-10-21T17:52:17","slug":"camizo-reclama-un-plan-para-abordar-las-necesidades-de-los-adolescentes","status":"publish","type":"post","link":"https:\/\/www.granadablogs.com\/juezcalatayud\/2010\/10\/camizo-reclama-un-plan-para-abordar-las-necesidades-de-los-adolescentes\/","title":{"rendered":"Chamizo reclama un plan para abordar las necesidades de los adolescentes"},"content":{"rendered":"<p>El Defensor Andaluz del Menor (que tambi\u00e9n es el Defensor del Pueblo de la Comunidad), Jos\u00e9 Chamizo, ha reclamado hoy la puesta en marcha de un Plan Espec\u00edfico para la Adolescencia que responda a los problemas y necesidades de los entre 600.000 y 700.000 adolescentes andaluces. \u00abque cada vez empieza antes y termina m\u00e1s tarde\u00bb, y ha reclamado un plan espec\u00edfico de atenci\u00f3n a este colectivo con el objetivo de satisfacer sus intereses y necesidades.<br \/>\nChamizo ha recordado que la adolescencia cada vez empieza antes y acaba m\u00e1s tarde.<br \/>\nChamizo ha reclamado, entre otras cosas,un \u00abtrato diferenciado\u00bb en salud que facilite los problemas que surgen con el \u00absalto a los catorce a\u00f1os\u00bb desde la atenci\u00f3n de pediatr\u00eda al sistema general para adultos, as\u00ed como m\u00e1s unidades de salud mental infanto-juveniles y m\u00e1s personal, pues le \u00abpreocupa que haya tantos ni\u00f1os y j\u00f3venes con problemas mentales\u00bb.<br \/>\nTambi\u00e9n ha alertado de que \u00absiguen aumentando desde 2003\u00bb los casos de maltrato de los hijos a sus padres o resto de la familia, \u00absin distinci\u00f3n de clases y a veces con reincidencia\u00bb, lo que ha atribuido sobre todo a la falta de transmisi\u00f3n de valores en \u00abuna sociedad actual volcada en el consumo, el ocio y la competitividad\u00bb.<\/p>\n","protected":false},"excerpt":{"rendered":"<p>El Defensor Andaluz del Menor (que tambi\u00e9n es el Defensor del Pueblo de la Comunidad), Jos\u00e9 Chamizo, ha reclamado hoy la puesta en marcha de un Plan Espec\u00edfico para la Adolescencia que responda a los problemas y necesidades de los entre 600.000 y 700.000 adolescentes andaluces. \u00abque cada vez empieza antes y termina m\u00e1s tarde\u00bb, [&hellip;]<\/p>\n","protected":false},"author":3,"featured_media":0,"comment_status":"open","ping_status":"open","sticky":false,"template":"","format":"standard","meta":{"jetpack_post_was_ever_published":false,"_jetpack_newsletter_access":"","_jetpack_dont_email_post_to_subs":false,"_jetpack_newsletter_tier_id":0,"_jetpack_memberships_contains_paywalled_content":false,"_jetpack_memberships_contains_paid_content":false,"footnotes":""},"categories":[1],"tags":[],"class_list":["post-815","post","type-post","status-publish","format-standard","hentry","category-blog"],"jetpack_featured_media_url":"","jetpack_shortlink":"https:\/\/wp.me\/p5fzW5-d9","jetpack-related-posts":[],"jetpack_sharing_enabled":true,"_links":{"self":[{"href":"https:\/\/www.granadablogs.com\/juezcalatayud\/wp-json\/wp\/v2\/posts\/815","targetHints":{"allow":["GET"]}}],"collection":[{"href":"https:\/\/www.granadablogs.com\/juezcalatayud\/wp-json\/wp\/v2\/posts"}],"about":[{"href":"https:\/\/www.granadablogs.com\/juezcalatayud\/wp-json\/wp\/v2\/types\/post"}],"author":[{"embeddable":true,"href":"https:\/\/www.granadablogs.com\/juezcalatayud\/wp-json\/wp\/v2\/users\/3"}],"replies":[{"embeddable":true,"href":"https:\/\/www.granadablogs.com\/juezcalatayud\/wp-json\/wp\/v2\/comments?post=815"}],"version-history":[{"count":2,"href":"https:\/\/www.granadablogs.com\/juezcalatayud\/wp-json\/wp\/v2\/posts\/815\/revisions"}],"predecessor-version":[{"id":817,"href":"https:\/\/www.granadablogs.com\/juezcalatayud\/wp-json\/wp\/v2\/posts\/815\/revisions\/817"}],"wp:attachment":[{"href":"https:\/\/www.granadablogs.com\/juezcalatayud\/wp-json\/wp\/v2\/media?parent=815"}],"wp:term":[{"taxonomy":"category","embeddable":true,"href":"https:\/\/www.granadablogs.com\/juezcalatayud\/wp-json\/wp\/v2\/categories?post=815"},{"taxonomy":"post_tag","embeddable":true,"href":"https:\/\/www.granadablogs.com\/juezcalatayud\/wp-json\/wp\/v2\/tags?post=815"}],"curies":[{"name":"wp","href":"https:\/\/api.w.org\/{rel}","templated":true}]}}