{"id":782,"date":"2010-10-03T18:40:37","date_gmt":"2010-10-03T17:40:37","guid":{"rendered":"http:\/\/www.granadablogs.com\/juezcalatayud\/?p=782"},"modified":"2010-10-03T18:40:37","modified_gmt":"2010-10-03T17:40:37","slug":"estadisticas","status":"publish","type":"post","link":"https:\/\/www.granadablogs.com\/juezcalatayud\/2010\/10\/estadisticas\/","title":{"rendered":"Estad\u00edsticas"},"content":{"rendered":"<p>Los n\u00fameros y las estad\u00edsticas sin una interpretaci\u00f3n son s\u00f3lo eso: n\u00fameros y estad\u00edsticas. El lado bueno de que no haya una &#8216;versi\u00f3n oficial es que cada uno puede sacar sus propias conclusiones. Dicho lo cual, aqu\u00ed van los n\u00fameros, referidos a 2009 y recopilados por el Instituto Nacional de Estad\u00edstica (INE) sobre la delincuencia juvenil e infantil en Espa\u00f1a. \u00abEn 2009 se inscribieron 17.572 menores condenados seg\u00fan sentencias firmes dictadas comunicadas al Registro de Sentencias de Responsabilidad Penal de los Menores, lo que supuso un aumento del 10,3% respecto al a\u00f1o anterior, seg\u00fan ha publicado el INE.<br \/>\nEn cuanto a la tasa de menores de entre 14 y 17 a\u00f1os condenados por cada mil habitantes en el mismo rango de edad, fue del 9,73 por mil frente al 8,75 del a\u00f1o anterior. El grupo de 17 a\u00f1os fue el m\u00e1s numeroso (31,9% del total), seguido del grupo de 16 a\u00f1os (29,8%). Por sexo, el 84,1% de los condenados fueron varones y el 15,9% mujeres. Asimismo, la mayor\u00eda fue de nacionalidad espa\u00f1ola (77,6%), aunque la proporci\u00f3n de extranjeros aument\u00f3 hasta el 22,4%, frente al 21,5% del a\u00f1o anterior.\u00bb<\/p>\n","protected":false},"excerpt":{"rendered":"<p>Los n\u00fameros y las estad\u00edsticas sin una interpretaci\u00f3n son s\u00f3lo eso: n\u00fameros y estad\u00edsticas. El lado bueno de que no haya una &#8216;versi\u00f3n oficial es que cada uno puede sacar sus propias conclusiones. Dicho lo cual, aqu\u00ed van los n\u00fameros, referidos a 2009 y recopilados por el Instituto Nacional de Estad\u00edstica (INE) sobre la delincuencia [&hellip;]<\/p>\n","protected":false},"author":3,"featured_media":0,"comment_status":"open","ping_status":"open","sticky":false,"template":"","format":"standard","meta":{"jetpack_post_was_ever_published":false,"_jetpack_newsletter_access":"","_jetpack_dont_email_post_to_subs":false,"_jetpack_newsletter_tier_id":0,"_jetpack_memberships_contains_paywalled_content":false,"_jetpack_memberships_contains_paid_content":false,"footnotes":""},"categories":[1],"tags":[],"class_list":["post-782","post","type-post","status-publish","format-standard","hentry","category-blog"],"jetpack_featured_media_url":"","jetpack_shortlink":"https:\/\/wp.me\/p5fzW5-cC","jetpack-related-posts":[],"jetpack_sharing_enabled":true,"_links":{"self":[{"href":"https:\/\/www.granadablogs.com\/juezcalatayud\/wp-json\/wp\/v2\/posts\/782","targetHints":{"allow":["GET"]}}],"collection":[{"href":"https:\/\/www.granadablogs.com\/juezcalatayud\/wp-json\/wp\/v2\/posts"}],"about":[{"href":"https:\/\/www.granadablogs.com\/juezcalatayud\/wp-json\/wp\/v2\/types\/post"}],"author":[{"embeddable":true,"href":"https:\/\/www.granadablogs.com\/juezcalatayud\/wp-json\/wp\/v2\/users\/3"}],"replies":[{"embeddable":true,"href":"https:\/\/www.granadablogs.com\/juezcalatayud\/wp-json\/wp\/v2\/comments?post=782"}],"version-history":[{"count":1,"href":"https:\/\/www.granadablogs.com\/juezcalatayud\/wp-json\/wp\/v2\/posts\/782\/revisions"}],"predecessor-version":[{"id":783,"href":"https:\/\/www.granadablogs.com\/juezcalatayud\/wp-json\/wp\/v2\/posts\/782\/revisions\/783"}],"wp:attachment":[{"href":"https:\/\/www.granadablogs.com\/juezcalatayud\/wp-json\/wp\/v2\/media?parent=782"}],"wp:term":[{"taxonomy":"category","embeddable":true,"href":"https:\/\/www.granadablogs.com\/juezcalatayud\/wp-json\/wp\/v2\/categories?post=782"},{"taxonomy":"post_tag","embeddable":true,"href":"https:\/\/www.granadablogs.com\/juezcalatayud\/wp-json\/wp\/v2\/tags?post=782"}],"curies":[{"name":"wp","href":"https:\/\/api.w.org\/{rel}","templated":true}]}}