{"id":779,"date":"2010-09-30T21:06:46","date_gmt":"2010-09-30T20:06:46","guid":{"rendered":"http:\/\/www.granadablogs.com\/juezcalatayud\/?p=779"},"modified":"2010-09-30T21:07:35","modified_gmt":"2010-09-30T20:07:35","slug":"charlas-del-juez-en-el-pais-vasco","status":"publish","type":"post","link":"https:\/\/www.granadablogs.com\/juezcalatayud\/2010\/09\/charlas-del-juez-en-el-pais-vasco\/","title":{"rendered":"Charlas del juez en el Pa\u00eds Vasco"},"content":{"rendered":"<p>Los pr\u00f3ximos d\u00edas 8 y 9 de octubre (viernes y s\u00e1bado) va ofrecer una conferencia en las localidades guipuzcoanas de Ir\u00fan (d\u00eda 8) y Ordizia (d\u00eda 9). Lo decimos por que nos consta que por aquellas tierras hay gente interesada en escucharle de viva voz. Saludos a todos los vascos y vascas desde aqu\u00ed.<\/p>\n","protected":false},"excerpt":{"rendered":"<p>Los pr\u00f3ximos d\u00edas 8 y 9 de octubre (viernes y s\u00e1bado) va ofrecer una conferencia en las localidades guipuzcoanas de Ir\u00fan (d\u00eda 8) y Ordizia (d\u00eda 9). Lo decimos por que nos consta que por aquellas tierras hay gente interesada en escucharle de viva voz. Saludos a todos los vascos y vascas desde aqu\u00ed.<\/p>\n","protected":false},"author":3,"featured_media":0,"comment_status":"open","ping_status":"open","sticky":false,"template":"","format":"standard","meta":{"jetpack_post_was_ever_published":false,"_jetpack_newsletter_access":"","_jetpack_dont_email_post_to_subs":false,"_jetpack_newsletter_tier_id":0,"_jetpack_memberships_contains_paywalled_content":false,"_jetpack_memberships_contains_paid_content":false,"footnotes":""},"categories":[1],"tags":[],"class_list":["post-779","post","type-post","status-publish","format-standard","hentry","category-blog"],"jetpack_featured_media_url":"","jetpack_shortlink":"https:\/\/wp.me\/p5fzW5-cz","jetpack-related-posts":[],"jetpack_sharing_enabled":true,"_links":{"self":[{"href":"https:\/\/www.granadablogs.com\/juezcalatayud\/wp-json\/wp\/v2\/posts\/779","targetHints":{"allow":["GET"]}}],"collection":[{"href":"https:\/\/www.granadablogs.com\/juezcalatayud\/wp-json\/wp\/v2\/posts"}],"about":[{"href":"https:\/\/www.granadablogs.com\/juezcalatayud\/wp-json\/wp\/v2\/types\/post"}],"author":[{"embeddable":true,"href":"https:\/\/www.granadablogs.com\/juezcalatayud\/wp-json\/wp\/v2\/users\/3"}],"replies":[{"embeddable":true,"href":"https:\/\/www.granadablogs.com\/juezcalatayud\/wp-json\/wp\/v2\/comments?post=779"}],"version-history":[{"count":2,"href":"https:\/\/www.granadablogs.com\/juezcalatayud\/wp-json\/wp\/v2\/posts\/779\/revisions"}],"predecessor-version":[{"id":781,"href":"https:\/\/www.granadablogs.com\/juezcalatayud\/wp-json\/wp\/v2\/posts\/779\/revisions\/781"}],"wp:attachment":[{"href":"https:\/\/www.granadablogs.com\/juezcalatayud\/wp-json\/wp\/v2\/media?parent=779"}],"wp:term":[{"taxonomy":"category","embeddable":true,"href":"https:\/\/www.granadablogs.com\/juezcalatayud\/wp-json\/wp\/v2\/categories?post=779"},{"taxonomy":"post_tag","embeddable":true,"href":"https:\/\/www.granadablogs.com\/juezcalatayud\/wp-json\/wp\/v2\/tags?post=779"}],"curies":[{"name":"wp","href":"https:\/\/api.w.org\/{rel}","templated":true}]}}