{"id":7784,"date":"2018-02-20T21:17:20","date_gmt":"2018-02-20T19:17:20","guid":{"rendered":"http:\/\/www.granadablogs.com\/juezcalatayud\/?p=7784"},"modified":"2018-02-20T21:24:59","modified_gmt":"2018-02-20T19:24:59","slug":"barcelona-quiere-devolver-las-calles-y-las-plazas-a-los-ninos-y-me-parece-muy-bien","status":"publish","type":"post","link":"https:\/\/www.granadablogs.com\/juezcalatayud\/2018\/02\/barcelona-quiere-devolver-las-calles-y-las-plazas-a-los-ninos-y-me-parece-muy-bien\/","title":{"rendered":"Barcelona quiere devolver las calles y las plazas a los ni\u00f1os y me parece muy bien"},"content":{"rendered":"<p>&nbsp;<\/p>\n<p>&nbsp;<\/p>\n<figure id=\"attachment_7787\" aria-describedby=\"caption-attachment-7787\" style=\"width: 150px\" class=\"wp-caption aligncenter\"><img loading=\"lazy\" decoding=\"async\" class=\"size-thumbnail wp-image-7787\" src=\"http:\/\/www.granadablogs.com\/juezcalatayud\/wp-content\/uploads\/2018\/02\/F\u00fatbol-150x150.jpg\" alt=\"\" width=\"150\" height=\"150\" \/><figcaption id=\"caption-attachment-7787\" class=\"wp-caption-text\">El Correo.<\/figcaption><\/figure>\n<p>El Ayuntamiento de Barcelona quiere que los ni\u00f1os recuperen la calle. Porque las calles ni fueron de Fraga -aunque el siempre neg\u00f3 que lo dijera- ni son de los independentistas catalanes: las calles\u00a0deben ser de los ni\u00f1os. Total, que el consistorio tiene previsto -a ver si lo cumple- retirar los carteles que proh\u00edben jugar al bal\u00f3n en las plazas y las calles de la ciudad.<\/p>\n<p>Como digo siempre, vamos a dejarnos de tanta extraescolar y que los ni\u00f1os vuelvan a la calle a jugar a la pelota, al escondite, a la cuerda o a polic\u00edas y ladrones&#8230; Que les oigamos re\u00edr y gritar -hasta una hora prudente, claro-. Que\u00a0vuelvan a la casa con las rodillas raspadas.<\/p>\n<p>La calle es suya.<\/p>\n","protected":false},"excerpt":{"rendered":"<p>&nbsp; &nbsp; El Ayuntamiento de Barcelona quiere que los ni\u00f1os recuperen la calle. Porque las calles ni fueron de Fraga -aunque el siempre neg\u00f3 que lo dijera- ni son de los independentistas catalanes: las calles\u00a0deben ser de los ni\u00f1os. Total, que el consistorio tiene previsto -a ver si lo cumple- retirar los carteles que proh\u00edben [&hellip;]<\/p>\n","protected":false},"author":2,"featured_media":0,"comment_status":"open","ping_status":"open","sticky":false,"template":"","format":"standard","meta":{"jetpack_post_was_ever_published":false,"_jetpack_newsletter_access":"","_jetpack_dont_email_post_to_subs":true,"_jetpack_newsletter_tier_id":0,"_jetpack_memberships_contains_paywalled_content":false,"_jetpack_memberships_contains_paid_content":false,"footnotes":""},"categories":[1],"tags":[],"class_list":["post-7784","post","type-post","status-publish","format-standard","hentry","category-blog"],"jetpack_featured_media_url":"","jetpack_shortlink":"https:\/\/wp.me\/p5fzW5-21y","jetpack-related-posts":[],"jetpack_sharing_enabled":true,"_links":{"self":[{"href":"https:\/\/www.granadablogs.com\/juezcalatayud\/wp-json\/wp\/v2\/posts\/7784","targetHints":{"allow":["GET"]}}],"collection":[{"href":"https:\/\/www.granadablogs.com\/juezcalatayud\/wp-json\/wp\/v2\/posts"}],"about":[{"href":"https:\/\/www.granadablogs.com\/juezcalatayud\/wp-json\/wp\/v2\/types\/post"}],"author":[{"embeddable":true,"href":"https:\/\/www.granadablogs.com\/juezcalatayud\/wp-json\/wp\/v2\/users\/2"}],"replies":[{"embeddable":true,"href":"https:\/\/www.granadablogs.com\/juezcalatayud\/wp-json\/wp\/v2\/comments?post=7784"}],"version-history":[{"count":3,"href":"https:\/\/www.granadablogs.com\/juezcalatayud\/wp-json\/wp\/v2\/posts\/7784\/revisions"}],"predecessor-version":[{"id":7788,"href":"https:\/\/www.granadablogs.com\/juezcalatayud\/wp-json\/wp\/v2\/posts\/7784\/revisions\/7788"}],"wp:attachment":[{"href":"https:\/\/www.granadablogs.com\/juezcalatayud\/wp-json\/wp\/v2\/media?parent=7784"}],"wp:term":[{"taxonomy":"category","embeddable":true,"href":"https:\/\/www.granadablogs.com\/juezcalatayud\/wp-json\/wp\/v2\/categories?post=7784"},{"taxonomy":"post_tag","embeddable":true,"href":"https:\/\/www.granadablogs.com\/juezcalatayud\/wp-json\/wp\/v2\/tags?post=7784"}],"curies":[{"name":"wp","href":"https:\/\/api.w.org\/{rel}","templated":true}]}}