{"id":7778,"date":"2018-02-19T21:16:39","date_gmt":"2018-02-19T19:16:39","guid":{"rendered":"http:\/\/www.granadablogs.com\/juezcalatayud\/?p=7778"},"modified":"2018-02-23T20:27:17","modified_gmt":"2018-02-23T18:27:17","slug":"mi-hijo-no-ayuda-en-casa-porque-dice-que-la-falta-motivacion","status":"publish","type":"post","link":"https:\/\/www.granadablogs.com\/juezcalatayud\/2018\/02\/mi-hijo-no-ayuda-en-casa-porque-dice-que-la-falta-motivacion\/","title":{"rendered":"\u00abMi hijo no ayuda en casa porque dice que le falta motivaci\u00f3n\u00bb"},"content":{"rendered":"<p>&nbsp;<\/p>\n<p>&nbsp;<\/p>\n<p>&nbsp;<\/p>\n<p><img loading=\"lazy\" decoding=\"async\" class=\"aligncenter size-thumbnail wp-image-7780\" src=\"http:\/\/www.granadablogs.com\/juezcalatayud\/wp-content\/uploads\/2018\/02\/vago-cinco-150x150.jpg\" alt=\"\" width=\"150\" height=\"150\" \/>Buenas, soy Emilio Calatayud. Motivar, en principio, est\u00e1 bien. Supongamos que una persona est\u00e1 convaleciente de una enfermedad, pues igual hay que motivarla para que vuelva a la normalidad cuanto antes. Supongamos que alguien ha sufrido un rev\u00e9s del tipo que sea (laboral, econ\u00f3mico, etc), pues igual la motivaci\u00f3n si est\u00e1 indicada, pero sin pasarse, que la gente tiene derecho a quejarse y a deprimirse.<\/p>\n<p>Pero motivar a alguien, por ejemplo, a un hijo, para que cumpla un deber no es una buena idea. Los ni\u00f1os tienen que ir al colegio porque es su obligaci\u00f3n y punto. Nadie viene a motivar a los padres cuando se levantan por la ma\u00f1ana para preparar el desayuno a los ni\u00f1os. Ni tampoco cuando se van a la oficina o a la obra a ganarse el pan con el sudor de sus frentes. Habr\u00e1 d\u00edas que lo hagan m\u00e1s contentos y otros menos, pero eso es lo normal. Es el problema de las obligaciones, que son obligatorias. No creo que haya que motivar a nadie para que ejerza un derecho, lo hace y punto. Pues con los deberes, lo mismo. Todo esto viene a que alguna vez he escuchado cosas como estas: \u00abMi hijo no ayuda en casa porque dice que le falta motivaci\u00f3n\u00bb, \u00a1Anda ya!<\/p>\n","protected":false},"excerpt":{"rendered":"<p>&nbsp; &nbsp; &nbsp; Buenas, soy Emilio Calatayud. Motivar, en principio, est\u00e1 bien. Supongamos que una persona est\u00e1 convaleciente de una enfermedad, pues igual hay que motivarla para que vuelva a la normalidad cuanto antes. Supongamos que alguien ha sufrido un rev\u00e9s del tipo que sea (laboral, econ\u00f3mico, etc), pues igual la motivaci\u00f3n si est\u00e1 indicada, [&hellip;]<\/p>\n","protected":false},"author":2,"featured_media":0,"comment_status":"open","ping_status":"open","sticky":false,"template":"","format":"standard","meta":{"jetpack_post_was_ever_published":false,"_jetpack_newsletter_access":"","_jetpack_dont_email_post_to_subs":true,"_jetpack_newsletter_tier_id":0,"_jetpack_memberships_contains_paywalled_content":false,"_jetpack_memberships_contains_paid_content":false,"footnotes":""},"categories":[1],"tags":[88,2000],"class_list":["post-7778","post","type-post","status-publish","format-standard","hentry","category-blog","tag-deberes","tag-motivar"],"jetpack_featured_media_url":"","jetpack_shortlink":"https:\/\/wp.me\/p5fzW5-21s","jetpack-related-posts":[],"jetpack_sharing_enabled":true,"_links":{"self":[{"href":"https:\/\/www.granadablogs.com\/juezcalatayud\/wp-json\/wp\/v2\/posts\/7778","targetHints":{"allow":["GET"]}}],"collection":[{"href":"https:\/\/www.granadablogs.com\/juezcalatayud\/wp-json\/wp\/v2\/posts"}],"about":[{"href":"https:\/\/www.granadablogs.com\/juezcalatayud\/wp-json\/wp\/v2\/types\/post"}],"author":[{"embeddable":true,"href":"https:\/\/www.granadablogs.com\/juezcalatayud\/wp-json\/wp\/v2\/users\/2"}],"replies":[{"embeddable":true,"href":"https:\/\/www.granadablogs.com\/juezcalatayud\/wp-json\/wp\/v2\/comments?post=7778"}],"version-history":[{"count":4,"href":"https:\/\/www.granadablogs.com\/juezcalatayud\/wp-json\/wp\/v2\/posts\/7778\/revisions"}],"predecessor-version":[{"id":7808,"href":"https:\/\/www.granadablogs.com\/juezcalatayud\/wp-json\/wp\/v2\/posts\/7778\/revisions\/7808"}],"wp:attachment":[{"href":"https:\/\/www.granadablogs.com\/juezcalatayud\/wp-json\/wp\/v2\/media?parent=7778"}],"wp:term":[{"taxonomy":"category","embeddable":true,"href":"https:\/\/www.granadablogs.com\/juezcalatayud\/wp-json\/wp\/v2\/categories?post=7778"},{"taxonomy":"post_tag","embeddable":true,"href":"https:\/\/www.granadablogs.com\/juezcalatayud\/wp-json\/wp\/v2\/tags?post=7778"}],"curies":[{"name":"wp","href":"https:\/\/api.w.org\/{rel}","templated":true}]}}