{"id":774,"date":"2010-09-26T17:41:52","date_gmt":"2010-09-26T16:41:52","guid":{"rendered":"http:\/\/www.granadablogs.com\/juezcalatayud\/?p=774"},"modified":"2010-09-26T17:41:52","modified_gmt":"2010-09-26T16:41:52","slug":"fiscalias-convertidas-en-confesionarios-el-complejo-fenomeno-de-los-menores-que-maltratan-a-sus-padres","status":"publish","type":"post","link":"https:\/\/www.granadablogs.com\/juezcalatayud\/2010\/09\/fiscalias-convertidas-en-confesionarios-el-complejo-fenomeno-de-los-menores-que-maltratan-a-sus-padres\/","title":{"rendered":"Fiscal\u00edas convertidas en &#8216;confesionarios&#8217;, el \u00abcomplejo fen\u00f3meno\u00bb de los menores que maltratan a sus padres"},"content":{"rendered":"<p>En su \u00faltima memoria (referida al a\u00f1o 2009) la Fiscal\u00eda General del Estado \u00abpone de manifiesto una serie de notas comunes (a todas las fiscal\u00edas de Espa\u00f1a) que caracterizan el problema de la violencia ejercida por los hijos menores sobre sus progenitores\u00bb. Que el m\u00e1ximo \u00f3rgano de direcci\u00f3n de la Fiscal\u00eda espa\u00f1ola dedique un apartado a reflexionar sobre este problema da una idea de la extensi\u00f3n y gravedad del \u00abcomplejo fen\u00f3meno\u00bb de los menores que maltratan a sus padres. El informe recuerda lo dif\u00edcil que es para los padres dar el paso de denunciar a los hijos. En muchos casos, las v\u00edctimas, en lugar de para emprender acciones legales contra sus reto\u00f1os, se acercan hasta las fiscal\u00edas para pedir consejo y descargar sus penas, como si los despachos de los fiscales fueran &#8216;confesionarios&#8217;. Y, entre los que s\u00ed dan el paso, luego suele haber arrepentimiento: cuando llega el juicio, \u00abdulcifican\u00bb la situaci\u00f3n para que los ni\u00f1os no tengan un duro castigo o sean absueltos. Como hay muchos amigos del blog que se interesan por este tema, aqu\u00ed os dejamos las reflexiones de la Fiscal\u00eda General del Estado. Y si entre vosotros hay &#8216;v\u00edctimas&#8217;, que sabemos que las hay, ojal\u00e1 os sirva para encontrar el camino hacia la soluci\u00f3n.<br \/>\n\u00abSe constata que cuando la denuncia se interpone por los padres es porque usualmente se ha llegado a una situaci\u00f3n l\u00edmite y la convivencia se torna de todo punto imposible, acudi\u00e9ndose entonces a la v\u00eda jurisdiccional, lament\u00e1ndose que desemboquen a veces directamente aqu\u00ed sin un previo y deseable trabajo por parte de las instituciones administrativas de protecci\u00f3n, ya que la v\u00eda jurisdiccional no es muchas veces la soluci\u00f3n al problema, toda vez que, junto a comportamientos<br \/>\ndelictivos se denuncian conductas que ponen de manifiesto una grave situaci\u00f3n familiar, pero de dif\u00edcil encaje desde el punto de vista punitivo. Se evidencia tambi\u00e9n que alcanza a todas las clases sociales, siendo producto muchas veces de una educaci\u00f3n en exceso permisiva, detect\u00e1ndose casos en que los menores pueden, a su vez, ser maltratados en tal entorno familiar. Fen\u00f3meno complejo, pues, con m\u00faltiples aristas, acudiendo los padres, en su desconcierto, a veces a las Fiscal\u00edas no ya para denunciar, sino para consultar al Fiscal lo que puede hacer con su hijo, y cuando finalmente se deciden a denunciar, el fuerte componente sentimental, \u00ednsito a las relaciones paterno filiales, hace que la actitud de los padres est\u00e9 sujeta a los humanamente comprensibles cambios y que, a la urgencia por recibir una soluci\u00f3n inmediata el d\u00eda en que se denuncia o detiene al menor, le siga un cambio radical de actitud llegado el d\u00eda del juicio, \u00abdulcificando\u00bb los padres el relato de hechos, o acogi\u00e9ndose directamente a su derecho a no declarar en base al art\u00edculo 416 de la LECrim, provocando sentencias absolutorias si su testimonio era la \u00fanica prueba de cargo del Fiscal . Por lo dem\u00e1s, en los supuestos en que se incoan expedientes por hechos de esta naturaleza, en las Fiscal\u00edas se le otorga una especial atenci\u00f3n, solicit\u00e1ndose frecuentemente medidas cautelares en las guardias y, cuando no se adopta una medida de este tipo y el expediente<br \/>\nsigue su curso ordinario se vienen tramitando como asuntos preferentes\u00bb. <\/p>\n","protected":false},"excerpt":{"rendered":"<p>En su \u00faltima memoria (referida al a\u00f1o 2009) la Fiscal\u00eda General del Estado \u00abpone de manifiesto una serie de notas comunes (a todas las fiscal\u00edas de Espa\u00f1a) que caracterizan el problema de la violencia ejercida por los hijos menores sobre sus progenitores\u00bb. Que el m\u00e1ximo \u00f3rgano de direcci\u00f3n de la Fiscal\u00eda espa\u00f1ola dedique un apartado [&hellip;]<\/p>\n","protected":false},"author":3,"featured_media":0,"comment_status":"open","ping_status":"open","sticky":false,"template":"","format":"standard","meta":{"jetpack_post_was_ever_published":false,"_jetpack_newsletter_access":"","_jetpack_dont_email_post_to_subs":false,"_jetpack_newsletter_tier_id":0,"_jetpack_memberships_contains_paywalled_content":false,"_jetpack_memberships_contains_paid_content":false,"footnotes":""},"categories":[1],"tags":[],"class_list":["post-774","post","type-post","status-publish","format-standard","hentry","category-blog"],"jetpack_featured_media_url":"","jetpack_shortlink":"https:\/\/wp.me\/p5fzW5-cu","jetpack-related-posts":[],"jetpack_sharing_enabled":true,"_links":{"self":[{"href":"https:\/\/www.granadablogs.com\/juezcalatayud\/wp-json\/wp\/v2\/posts\/774","targetHints":{"allow":["GET"]}}],"collection":[{"href":"https:\/\/www.granadablogs.com\/juezcalatayud\/wp-json\/wp\/v2\/posts"}],"about":[{"href":"https:\/\/www.granadablogs.com\/juezcalatayud\/wp-json\/wp\/v2\/types\/post"}],"author":[{"embeddable":true,"href":"https:\/\/www.granadablogs.com\/juezcalatayud\/wp-json\/wp\/v2\/users\/3"}],"replies":[{"embeddable":true,"href":"https:\/\/www.granadablogs.com\/juezcalatayud\/wp-json\/wp\/v2\/comments?post=774"}],"version-history":[{"count":1,"href":"https:\/\/www.granadablogs.com\/juezcalatayud\/wp-json\/wp\/v2\/posts\/774\/revisions"}],"predecessor-version":[{"id":775,"href":"https:\/\/www.granadablogs.com\/juezcalatayud\/wp-json\/wp\/v2\/posts\/774\/revisions\/775"}],"wp:attachment":[{"href":"https:\/\/www.granadablogs.com\/juezcalatayud\/wp-json\/wp\/v2\/media?parent=774"}],"wp:term":[{"taxonomy":"category","embeddable":true,"href":"https:\/\/www.granadablogs.com\/juezcalatayud\/wp-json\/wp\/v2\/categories?post=774"},{"taxonomy":"post_tag","embeddable":true,"href":"https:\/\/www.granadablogs.com\/juezcalatayud\/wp-json\/wp\/v2\/tags?post=774"}],"curies":[{"name":"wp","href":"https:\/\/api.w.org\/{rel}","templated":true}]}}