{"id":772,"date":"2010-09-24T16:08:02","date_gmt":"2010-09-24T15:08:02","guid":{"rendered":"http:\/\/www.granadablogs.com\/juezcalatayud\/?p=772"},"modified":"2010-09-24T16:08:02","modified_gmt":"2010-09-24T15:08:02","slug":"condena-a-antena-3-por-ofrecer-imagenes-de-menores","status":"publish","type":"post","link":"https:\/\/www.granadablogs.com\/juezcalatayud\/2010\/09\/condena-a-antena-3-por-ofrecer-imagenes-de-menores\/","title":{"rendered":"Condena a Antena 3 por ofrecer im\u00e1genes de menores"},"content":{"rendered":"<p>Otro aviso a navegantes del Tribunal Supremo en materia de menores y medios de comunicaci\u00f3n. Aunque a veces se olvide, la libertad de informaci\u00f3n tiene l\u00edmites. \u00abLa Sala Primera del Tribunal Supremo ha resuelto un litigio iniciado por el Fiscal, en defensa de dos menores de edad, contra sus abuelas y contra Antena 3 Televisi\u00f3n y los responsables de esa cadena, por la entrevista realizada a las primeras. En esta entrevista se expusieron determinadas circunstancias relacionadas con la tutela o guarda de los menores y se ofrecieron im\u00e1genes de los ni\u00f1os con la finalidad de que fueran identificados para que cualquiera que los viera informase sobre su paradero. La sentencia, de la que es ponente el Magistrado Gimeno-Bay\u00f3n Cobos, desestima los recursos interpuestos y confirma la existencia de intromisi\u00f3n ileg\u00edtima en la intimidad de los menores, la utilizaci\u00f3n ileg\u00edtima de la imagen de \u00e9stos y la condena a los demandados al pago de 18.030,36 euros, de la que \u00fanicamente se absolvi\u00f3 por la Audiencia Provincial a la presentadora del programa.<br \/>\nLa sentencia resuelve el conflicto entre la libertad de informaci\u00f3n de Antena 3 Televisi\u00f3n y el derecho a la intimidad y a la propia imagen de los menores, recordando la doctrina del Tribunal Constitucional sobre el correcto ejercicio de la libertad de informaci\u00f3n, que exige que verse sobre hechos de trascendencia p\u00fablica y que la informaci\u00f3n facilitada sea veraz. Estas condiciones no se cumplen en el supuesto resuelto, al no versar la entrevista sobre un asunto p\u00fablico de inter\u00e9s general sino sobre el drama personal de dos abuelas, en la que se han difundido datos personales y familiares de los menores y su imagen.  A ello a\u00f1ade, recordando la doctrina de la Sala Primera y del Tribunal Constitucional en la materia, que en los supuestos en los que est\u00e1n implicados menores de edad el leg\u00edtimo inter\u00e9s de un menor de que no se divulguen datos relativos a su vida familiar o personal supone un l\u00edmite infranqueable tanto a la libertad de expresi\u00f3n como al derecho fundamental a comunicar libremente informaci\u00f3n veraz\u00bb.<\/p>\n","protected":false},"excerpt":{"rendered":"<p>Otro aviso a navegantes del Tribunal Supremo en materia de menores y medios de comunicaci\u00f3n. Aunque a veces se olvide, la libertad de informaci\u00f3n tiene l\u00edmites. \u00abLa Sala Primera del Tribunal Supremo ha resuelto un litigio iniciado por el Fiscal, en defensa de dos menores de edad, contra sus abuelas y contra Antena 3 Televisi\u00f3n [&hellip;]<\/p>\n","protected":false},"author":3,"featured_media":0,"comment_status":"open","ping_status":"open","sticky":false,"template":"","format":"standard","meta":{"jetpack_post_was_ever_published":false,"_jetpack_newsletter_access":"","_jetpack_dont_email_post_to_subs":false,"_jetpack_newsletter_tier_id":0,"_jetpack_memberships_contains_paywalled_content":false,"_jetpack_memberships_contains_paid_content":false,"footnotes":""},"categories":[1],"tags":[],"class_list":["post-772","post","type-post","status-publish","format-standard","hentry","category-blog"],"jetpack_featured_media_url":"","jetpack_shortlink":"https:\/\/wp.me\/p5fzW5-cs","jetpack-related-posts":[],"jetpack_sharing_enabled":true,"_links":{"self":[{"href":"https:\/\/www.granadablogs.com\/juezcalatayud\/wp-json\/wp\/v2\/posts\/772","targetHints":{"allow":["GET"]}}],"collection":[{"href":"https:\/\/www.granadablogs.com\/juezcalatayud\/wp-json\/wp\/v2\/posts"}],"about":[{"href":"https:\/\/www.granadablogs.com\/juezcalatayud\/wp-json\/wp\/v2\/types\/post"}],"author":[{"embeddable":true,"href":"https:\/\/www.granadablogs.com\/juezcalatayud\/wp-json\/wp\/v2\/users\/3"}],"replies":[{"embeddable":true,"href":"https:\/\/www.granadablogs.com\/juezcalatayud\/wp-json\/wp\/v2\/comments?post=772"}],"version-history":[{"count":1,"href":"https:\/\/www.granadablogs.com\/juezcalatayud\/wp-json\/wp\/v2\/posts\/772\/revisions"}],"predecessor-version":[{"id":773,"href":"https:\/\/www.granadablogs.com\/juezcalatayud\/wp-json\/wp\/v2\/posts\/772\/revisions\/773"}],"wp:attachment":[{"href":"https:\/\/www.granadablogs.com\/juezcalatayud\/wp-json\/wp\/v2\/media?parent=772"}],"wp:term":[{"taxonomy":"category","embeddable":true,"href":"https:\/\/www.granadablogs.com\/juezcalatayud\/wp-json\/wp\/v2\/categories?post=772"},{"taxonomy":"post_tag","embeddable":true,"href":"https:\/\/www.granadablogs.com\/juezcalatayud\/wp-json\/wp\/v2\/tags?post=772"}],"curies":[{"name":"wp","href":"https:\/\/api.w.org\/{rel}","templated":true}]}}