{"id":7650,"date":"2018-02-02T21:11:56","date_gmt":"2018-02-02T19:11:56","guid":{"rendered":"http:\/\/www.granadablogs.com\/juezcalatayud\/?p=7650"},"modified":"2018-02-02T21:11:56","modified_gmt":"2018-02-02T19:11:56","slug":"suprimen-las-azafatas-de-la-formula-1-porque-es-inapropiado-no-habria-que-quitar-tambien-los-desfiles-de-ropa-interior","status":"publish","type":"post","link":"https:\/\/www.granadablogs.com\/juezcalatayud\/2018\/02\/suprimen-las-azafatas-de-la-formula-1-porque-es-inapropiado-no-habria-que-quitar-tambien-los-desfiles-de-ropa-interior\/","title":{"rendered":"Suprimen las azafatas de la f\u00f3rmula 1 porque es \u00abinapropiado\u00bb. \u00bfNo habr\u00eda que quitar tambi\u00e9n los desfiles de ropa interior?"},"content":{"rendered":"<p><img loading=\"lazy\" decoding=\"async\" class=\"aligncenter size-thumbnail wp-image-7654\" src=\"http:\/\/www.granadablogs.com\/juezcalatayud\/wp-content\/uploads\/2018\/02\/azafatas-150x150.jpg\" alt=\"\" width=\"150\" height=\"150\" \/><\/p>\n<p>&nbsp;<\/p>\n<p>&nbsp;<\/p>\n<p>Buenas, soy Emilio Calatayud. Voy a referirme de nuevo a una frase que me persigue desde que la pronunci\u00e9: \u00abHay ni\u00f1as que se hacen fotos como putas\u00bb (digo que me persigue porque lo sigo diciendo en las charlas y si con eso consigo que una madre, aunque solo sea una,\u00a0 o un padre miren el m\u00f3vil de su hija, o de su hijo, para cerciorarse de que no est\u00e1n &#8216;vendiendo&#8217; su intimidad -o la de otros ni\u00f1os- en las redes, me doy por satisfecho). Me llamaron y me llaman machista por esa frase. Ahora, los jefes de la F\u00f3rmula 1 han decidido suprimir las azafatas que acompa\u00f1aban a los pilotos porque \u00abes inapropiado\u00bb. Me parece bien. \u00bfPero no habr\u00eda que suprimir los desfiles de moda interior de ellos y de ellas? \u00bfNo es inapropiado que se muestren ante el mundo en bragas y calzoncillos jovencitas y jovencitos? \u00bfPor qu\u00e9 todos los medios de comunicaci\u00f3n se hacen eco de esos desfiles como si fueran noticias art\u00edsticas e incluso intelectuales? \u00bfSon apropiados los anuncios de perfumes y desodorantes?\u00a0Si los adultos estamos confusos con este tema, \u00bfque pensar\u00e1n los menores? \u00bfQu\u00e9 mensajes les estamos haciendo llegar? \u00bfPor qu\u00e9 hay &#8216;exhibiciones&#8217; que son denigrantes\u00a0 y otras que no?<\/p>\n","protected":false},"excerpt":{"rendered":"<p>&nbsp; &nbsp; Buenas, soy Emilio Calatayud. Voy a referirme de nuevo a una frase que me persigue desde que la pronunci\u00e9: \u00abHay ni\u00f1as que se hacen fotos como putas\u00bb (digo que me persigue porque lo sigo diciendo en las charlas y si con eso consigo que una madre, aunque solo sea una,\u00a0 o un padre [&hellip;]<\/p>\n","protected":false},"author":2,"featured_media":0,"comment_status":"open","ping_status":"open","sticky":false,"template":"","format":"standard","meta":{"jetpack_post_was_ever_published":false,"_jetpack_newsletter_access":"","_jetpack_dont_email_post_to_subs":false,"_jetpack_newsletter_tier_id":0,"_jetpack_memberships_contains_paywalled_content":false,"_jetpack_memberships_contains_paid_content":false,"footnotes":""},"categories":[1],"tags":[1982,1350],"class_list":["post-7650","post","type-post","status-publish","format-standard","hentry","category-blog","tag-azafatas","tag-machismo"],"jetpack_featured_media_url":"","jetpack_shortlink":"https:\/\/wp.me\/p5fzW5-1Zo","jetpack-related-posts":[],"jetpack_sharing_enabled":true,"_links":{"self":[{"href":"https:\/\/www.granadablogs.com\/juezcalatayud\/wp-json\/wp\/v2\/posts\/7650","targetHints":{"allow":["GET"]}}],"collection":[{"href":"https:\/\/www.granadablogs.com\/juezcalatayud\/wp-json\/wp\/v2\/posts"}],"about":[{"href":"https:\/\/www.granadablogs.com\/juezcalatayud\/wp-json\/wp\/v2\/types\/post"}],"author":[{"embeddable":true,"href":"https:\/\/www.granadablogs.com\/juezcalatayud\/wp-json\/wp\/v2\/users\/2"}],"replies":[{"embeddable":true,"href":"https:\/\/www.granadablogs.com\/juezcalatayud\/wp-json\/wp\/v2\/comments?post=7650"}],"version-history":[{"count":6,"href":"https:\/\/www.granadablogs.com\/juezcalatayud\/wp-json\/wp\/v2\/posts\/7650\/revisions"}],"predecessor-version":[{"id":7657,"href":"https:\/\/www.granadablogs.com\/juezcalatayud\/wp-json\/wp\/v2\/posts\/7650\/revisions\/7657"}],"wp:attachment":[{"href":"https:\/\/www.granadablogs.com\/juezcalatayud\/wp-json\/wp\/v2\/media?parent=7650"}],"wp:term":[{"taxonomy":"category","embeddable":true,"href":"https:\/\/www.granadablogs.com\/juezcalatayud\/wp-json\/wp\/v2\/categories?post=7650"},{"taxonomy":"post_tag","embeddable":true,"href":"https:\/\/www.granadablogs.com\/juezcalatayud\/wp-json\/wp\/v2\/tags?post=7650"}],"curies":[{"name":"wp","href":"https:\/\/api.w.org\/{rel}","templated":true}]}}