{"id":765,"date":"2010-09-23T17:15:15","date_gmt":"2010-09-23T16:15:15","guid":{"rendered":"http:\/\/www.granadablogs.com\/juezcalatayud\/?p=765"},"modified":"2010-09-23T17:41:13","modified_gmt":"2010-09-23T16:41:13","slug":"un-amigo-del-blog-cuenta-la-dura-experiencia-de-conciliar-la-vida-familiar-y-laboral-cuando-se-tiene-a-un-hijo-enfermo-de-cancer","status":"publish","type":"post","link":"https:\/\/www.granadablogs.com\/juezcalatayud\/2010\/09\/un-amigo-del-blog-cuenta-la-dura-experiencia-de-conciliar-la-vida-familiar-y-laboral-cuando-se-tiene-a-un-hijo-enfermo-de-cancer\/","title":{"rendered":"Un amigo del blog cuenta la dura experiencia de conciliar la vida familiar y laboral cuando se tiene a una hija enferma de c\u00e1ncer"},"content":{"rendered":"<p>Antonio Jes\u00fas es la que voz que nos faltaba. \u00c9l sabe lo que se pasa cuando un hijo, en este caso, una hija, enferma de c\u00e1ncer. Hemos querido convertir su comentario en post por su inter\u00e9s humano y el mensaje de esperanza que transmite. Muchas gracias, Antonio Jes\u00fas. \u00abQuiero manifestar mi apoyo total a esta iniciativa (las bajas remuneradas para los padres de ni\u00f1os gravemente enfermos), desgraciadamente conozco el tema en profundidad. Mi hija con 12 a\u00f1os le diagnosticaron un Linfoma (cancer linfatico) y debo de reconocer que ha sido con diferencia la experiencia mas dura de mi vida, con episodios que sera dificil de olvidar como pueden ser el afeitarle la cabeza, los temblores, los v\u00f3mitos,etc. <\/p>\n<p>A la semana me incorpore al trabajo, al salir de trabajar a las 3 de la tarde me iba al hospital y estaba hasta las 12 de la noche acompa\u00f1ando a mi hija y mi se\u00f1ora, no me he dado de baja en ningun momento debido a las circunstancias especiales de mi trabajo, la peor parte se la llev\u00f3 mi mujer que tuvo que estar con el tema las 24 horas, al final cayo en depresion profunda.<\/p>\n<p>Por eso seria estupendo el poder pasar este duro trance sin preocuparse del tema laboral y sentir el respaldo de la Seguridad Social.<\/p>\n<p>He de decir que mi lucha tuvo un final feliz (se puede ver en historias para compartir de la pagina del Hospital Virgen de las Nieves (de Granada) http:\/\/www.hvn.es), y mi hija se ha recuperado totalmente, aprovechando estas lineas, querido Sr. Calatayud para darle un abrazo de animo a Ud. y todas las personas que est\u00e9n pasando por experiencias tan dificiles. MUCHO ANIMO!!!!!!\u00bb.<\/p>\n","protected":false},"excerpt":{"rendered":"<p>Antonio Jes\u00fas es la que voz que nos faltaba. \u00c9l sabe lo que se pasa cuando un hijo, en este caso, una hija, enferma de c\u00e1ncer. Hemos querido convertir su comentario en post por su inter\u00e9s humano y el mensaje de esperanza que transmite. Muchas gracias, Antonio Jes\u00fas. \u00abQuiero manifestar mi apoyo total a esta [&hellip;]<\/p>\n","protected":false},"author":3,"featured_media":0,"comment_status":"open","ping_status":"open","sticky":false,"template":"","format":"standard","meta":{"jetpack_post_was_ever_published":false,"_jetpack_newsletter_access":"","_jetpack_dont_email_post_to_subs":false,"_jetpack_newsletter_tier_id":0,"_jetpack_memberships_contains_paywalled_content":false,"_jetpack_memberships_contains_paid_content":false,"footnotes":""},"categories":[1],"tags":[],"class_list":["post-765","post","type-post","status-publish","format-standard","hentry","category-blog"],"jetpack_featured_media_url":"","jetpack_shortlink":"https:\/\/wp.me\/p5fzW5-cl","jetpack-related-posts":[],"jetpack_sharing_enabled":true,"_links":{"self":[{"href":"https:\/\/www.granadablogs.com\/juezcalatayud\/wp-json\/wp\/v2\/posts\/765","targetHints":{"allow":["GET"]}}],"collection":[{"href":"https:\/\/www.granadablogs.com\/juezcalatayud\/wp-json\/wp\/v2\/posts"}],"about":[{"href":"https:\/\/www.granadablogs.com\/juezcalatayud\/wp-json\/wp\/v2\/types\/post"}],"author":[{"embeddable":true,"href":"https:\/\/www.granadablogs.com\/juezcalatayud\/wp-json\/wp\/v2\/users\/3"}],"replies":[{"embeddable":true,"href":"https:\/\/www.granadablogs.com\/juezcalatayud\/wp-json\/wp\/v2\/comments?post=765"}],"version-history":[{"count":6,"href":"https:\/\/www.granadablogs.com\/juezcalatayud\/wp-json\/wp\/v2\/posts\/765\/revisions"}],"predecessor-version":[{"id":771,"href":"https:\/\/www.granadablogs.com\/juezcalatayud\/wp-json\/wp\/v2\/posts\/765\/revisions\/771"}],"wp:attachment":[{"href":"https:\/\/www.granadablogs.com\/juezcalatayud\/wp-json\/wp\/v2\/media?parent=765"}],"wp:term":[{"taxonomy":"category","embeddable":true,"href":"https:\/\/www.granadablogs.com\/juezcalatayud\/wp-json\/wp\/v2\/categories?post=765"},{"taxonomy":"post_tag","embeddable":true,"href":"https:\/\/www.granadablogs.com\/juezcalatayud\/wp-json\/wp\/v2\/tags?post=765"}],"curies":[{"name":"wp","href":"https:\/\/api.w.org\/{rel}","templated":true}]}}