{"id":7645,"date":"2018-02-01T20:59:14","date_gmt":"2018-02-01T18:59:14","guid":{"rendered":"http:\/\/www.granadablogs.com\/juezcalatayud\/?p=7645"},"modified":"2018-02-01T20:59:14","modified_gmt":"2018-02-01T18:59:14","slug":"se-deberian-restringir-las-ayudas-sociales-a-los-padres-que-no-llevan-a-los-hijos-a-la-escuela-y-a-los-de-los-ninos-que-agreden-a-los-maestros","status":"publish","type":"post","link":"https:\/\/www.granadablogs.com\/juezcalatayud\/2018\/02\/se-deberian-restringir-las-ayudas-sociales-a-los-padres-que-no-llevan-a-los-hijos-a-la-escuela-y-a-los-de-los-ninos-que-agreden-a-los-maestros\/","title":{"rendered":"\u00bfSe deber\u00edan restringir las ayudas sociales a los padres que no llevan a los hijos a la escuela? \u00bfY a los de los ni\u00f1os que agreden a los maestros?"},"content":{"rendered":"<p>&nbsp;<\/p>\n<p>&nbsp;<\/p>\n<p><img loading=\"lazy\" decoding=\"async\" class=\"size-thumbnail wp-image-7648\" src=\"http:\/\/www.granadablogs.com\/juezcalatayud\/wp-content\/uploads\/2018\/02\/Escuela-150x150.jpg\" alt=\"\" width=\"150\" height=\"150\" \/><\/p>\n<p>Buenas, soy Emilio Calatayud. En alguna ocasi\u00f3n he propuesto que aquellos padres que no se preocupan de que sus hijos vayan a la escuela no deber\u00edan tener acceso a las ayudas sociales hasta que no demuestren que los llevan. Privar a un ni\u00f1o de la escuela, adem\u00e1s de una ilegalidad, es tambi\u00e9n una forma de maltrato. Los menores tienen que estar en la escuela: es un derecho y un deber que los padres deben garantizar.<\/p>\n<p>Pues bien, hay ayuntamientos que ya se est\u00e1n planteando iniciativas de este tipo. Incluso se habla tambi\u00e9n de restringir temporalmente las ayudas a los padres de los ni\u00f1os que generan problemas graves en la escuela, caso de las agresiones a los maestros. No es reprimir, es educar.<\/p>\n","protected":false},"excerpt":{"rendered":"<p>&nbsp; &nbsp; Buenas, soy Emilio Calatayud. En alguna ocasi\u00f3n he propuesto que aquellos padres que no se preocupan de que sus hijos vayan a la escuela no deber\u00edan tener acceso a las ayudas sociales hasta que no demuestren que los llevan. Privar a un ni\u00f1o de la escuela, adem\u00e1s de una ilegalidad, es tambi\u00e9n una [&hellip;]<\/p>\n","protected":false},"author":2,"featured_media":0,"comment_status":"open","ping_status":"open","sticky":false,"template":"","format":"standard","meta":{"jetpack_post_was_ever_published":false,"_jetpack_newsletter_access":"","_jetpack_dont_email_post_to_subs":false,"_jetpack_newsletter_tier_id":0,"_jetpack_memberships_contains_paywalled_content":false,"_jetpack_memberships_contains_paid_content":false,"footnotes":""},"categories":[1],"tags":[1981,89,189],"class_list":["post-7645","post","type-post","status-publish","format-standard","hentry","category-blog","tag-ayudas","tag-escuela","tag-hijos"],"jetpack_featured_media_url":"","jetpack_shortlink":"https:\/\/wp.me\/p5fzW5-1Zj","jetpack-related-posts":[],"jetpack_sharing_enabled":true,"_links":{"self":[{"href":"https:\/\/www.granadablogs.com\/juezcalatayud\/wp-json\/wp\/v2\/posts\/7645","targetHints":{"allow":["GET"]}}],"collection":[{"href":"https:\/\/www.granadablogs.com\/juezcalatayud\/wp-json\/wp\/v2\/posts"}],"about":[{"href":"https:\/\/www.granadablogs.com\/juezcalatayud\/wp-json\/wp\/v2\/types\/post"}],"author":[{"embeddable":true,"href":"https:\/\/www.granadablogs.com\/juezcalatayud\/wp-json\/wp\/v2\/users\/2"}],"replies":[{"embeddable":true,"href":"https:\/\/www.granadablogs.com\/juezcalatayud\/wp-json\/wp\/v2\/comments?post=7645"}],"version-history":[{"count":3,"href":"https:\/\/www.granadablogs.com\/juezcalatayud\/wp-json\/wp\/v2\/posts\/7645\/revisions"}],"predecessor-version":[{"id":7649,"href":"https:\/\/www.granadablogs.com\/juezcalatayud\/wp-json\/wp\/v2\/posts\/7645\/revisions\/7649"}],"wp:attachment":[{"href":"https:\/\/www.granadablogs.com\/juezcalatayud\/wp-json\/wp\/v2\/media?parent=7645"}],"wp:term":[{"taxonomy":"category","embeddable":true,"href":"https:\/\/www.granadablogs.com\/juezcalatayud\/wp-json\/wp\/v2\/categories?post=7645"},{"taxonomy":"post_tag","embeddable":true,"href":"https:\/\/www.granadablogs.com\/juezcalatayud\/wp-json\/wp\/v2\/tags?post=7645"}],"curies":[{"name":"wp","href":"https:\/\/api.w.org\/{rel}","templated":true}]}}