{"id":7636,"date":"2018-01-30T20:42:26","date_gmt":"2018-01-30T18:42:26","guid":{"rendered":"http:\/\/www.granadablogs.com\/juezcalatayud\/?p=7636"},"modified":"2018-01-30T20:42:26","modified_gmt":"2018-01-30T18:42:26","slug":"se-graba-conduciendo-con-los-pies-y-difunde-el-video-el-delito-de-ser-tontopollas","status":"publish","type":"post","link":"https:\/\/www.granadablogs.com\/juezcalatayud\/2018\/01\/se-graba-conduciendo-con-los-pies-y-difunde-el-video-el-delito-de-ser-tontopollas\/","title":{"rendered":"Se graba conduciendo con los pies y difunde el v\u00eddeo, el delito de ser tontopollas"},"content":{"rendered":"<p>&nbsp;<\/p>\n<p><img loading=\"lazy\" decoding=\"async\" class=\"aligncenter size-thumbnail wp-image-7638\" src=\"http:\/\/www.granadablogs.com\/juezcalatayud\/wp-content\/uploads\/2018\/01\/conductor-150x150.jpg\" alt=\"\" width=\"150\" height=\"150\" \/><\/p>\n<p>&nbsp;<\/p>\n<p>Buenas, soy Emilio Calatayud. Un joven se graba con el m\u00f3vil conduciendo con los pies y difunde el v\u00eddeo. Resultado: detenido. Dos ni\u00f1os, uno de ellos inimputable porque tiene menos de catorce a\u00f1os, le pegan fuego a un hipermercado, lo graban y difunden el v\u00eddeo. Resultado: detenidos. Un se\u00f1or que hab\u00eda conseguido el tercer grado debido a su delicado estado de salud, aparece en un v\u00eddeo bailando sevillanas. Resultado: le revocan el permiso y tiene que volver a dormir en dependencias penitenciarias.<\/p>\n<p>Es la en\u00e9sima vez que lo propongo: el legislador deber\u00eda pensar seriamente en la posibilidad de incluir en el C\u00f3digo Penal el delito de ser tontopollas, como decimos en &#8216;Gran\u00e1&#8217;. Es decir, adem\u00e1s de la pena que le corresponda por el hecho que ha cometido, deber\u00eda a\u00f1adirse una multa o lo que sea por ser un tontopollas. Porque hay que ser tontopollas para grabarse cometiendo delitos o ri\u00e9ndose de la justicia.<\/p>\n","protected":false},"excerpt":{"rendered":"<p>&nbsp; &nbsp; Buenas, soy Emilio Calatayud. Un joven se graba con el m\u00f3vil conduciendo con los pies y difunde el v\u00eddeo. Resultado: detenido. Dos ni\u00f1os, uno de ellos inimputable porque tiene menos de catorce a\u00f1os, le pegan fuego a un hipermercado, lo graban y difunden el v\u00eddeo. Resultado: detenidos. Un se\u00f1or que hab\u00eda conseguido el [&hellip;]<\/p>\n","protected":false},"author":2,"featured_media":0,"comment_status":"open","ping_status":"open","sticky":false,"template":"","format":"standard","meta":{"jetpack_post_was_ever_published":false,"_jetpack_newsletter_access":"","_jetpack_dont_email_post_to_subs":false,"_jetpack_newsletter_tier_id":0,"_jetpack_memberships_contains_paywalled_content":false,"_jetpack_memberships_contains_paid_content":false,"footnotes":""},"categories":[1],"tags":[67,1980],"class_list":["post-7636","post","type-post","status-publish","format-standard","hentry","category-blog","tag-delito","tag-tontopollas"],"jetpack_featured_media_url":"","jetpack_shortlink":"https:\/\/wp.me\/p5fzW5-1Za","jetpack-related-posts":[],"jetpack_sharing_enabled":true,"_links":{"self":[{"href":"https:\/\/www.granadablogs.com\/juezcalatayud\/wp-json\/wp\/v2\/posts\/7636","targetHints":{"allow":["GET"]}}],"collection":[{"href":"https:\/\/www.granadablogs.com\/juezcalatayud\/wp-json\/wp\/v2\/posts"}],"about":[{"href":"https:\/\/www.granadablogs.com\/juezcalatayud\/wp-json\/wp\/v2\/types\/post"}],"author":[{"embeddable":true,"href":"https:\/\/www.granadablogs.com\/juezcalatayud\/wp-json\/wp\/v2\/users\/2"}],"replies":[{"embeddable":true,"href":"https:\/\/www.granadablogs.com\/juezcalatayud\/wp-json\/wp\/v2\/comments?post=7636"}],"version-history":[{"count":3,"href":"https:\/\/www.granadablogs.com\/juezcalatayud\/wp-json\/wp\/v2\/posts\/7636\/revisions"}],"predecessor-version":[{"id":7640,"href":"https:\/\/www.granadablogs.com\/juezcalatayud\/wp-json\/wp\/v2\/posts\/7636\/revisions\/7640"}],"wp:attachment":[{"href":"https:\/\/www.granadablogs.com\/juezcalatayud\/wp-json\/wp\/v2\/media?parent=7636"}],"wp:term":[{"taxonomy":"category","embeddable":true,"href":"https:\/\/www.granadablogs.com\/juezcalatayud\/wp-json\/wp\/v2\/categories?post=7636"},{"taxonomy":"post_tag","embeddable":true,"href":"https:\/\/www.granadablogs.com\/juezcalatayud\/wp-json\/wp\/v2\/tags?post=7636"}],"curies":[{"name":"wp","href":"https:\/\/api.w.org\/{rel}","templated":true}]}}