{"id":7631,"date":"2018-01-29T21:05:06","date_gmt":"2018-01-29T19:05:06","guid":{"rendered":"http:\/\/www.granadablogs.com\/juezcalatayud\/?p=7631"},"modified":"2018-01-29T21:05:06","modified_gmt":"2018-01-29T19:05:06","slug":"el-juez-risto-mejide-y-la-libertad-de-expresion-cuando-encierro-a-algun-chaval-me-dice-hijo-puta-pero-luego-me-lo-agradece","status":"publish","type":"post","link":"https:\/\/www.granadablogs.com\/juezcalatayud\/2018\/01\/el-juez-risto-mejide-y-la-libertad-de-expresion-cuando-encierro-a-algun-chaval-me-dice-hijo-puta-pero-luego-me-lo-agradece\/","title":{"rendered":"El juez, Risto Mejide y la libertad de expresi\u00f3n: \u00abCuando encierro a alg\u00fan chaval, me dice hijo puta, pero luego me lo agradece\u00bb"},"content":{"rendered":"<p>&nbsp;<\/p>\n<figure id=\"attachment_7634\" aria-describedby=\"caption-attachment-7634\" style=\"width: 300px\" class=\"wp-caption aligncenter\"><img loading=\"lazy\" decoding=\"async\" class=\"size-medium wp-image-7634\" src=\"http:\/\/www.granadablogs.com\/juezcalatayud\/wp-content\/uploads\/2018\/01\/Ibarrola-300x294.jpg\" alt=\"\" width=\"300\" height=\"294\" srcset=\"https:\/\/www.granadablogs.com\/juezcalatayud\/wp-content\/uploads\/2018\/01\/Ibarrola-300x294.jpg 300w, https:\/\/www.granadablogs.com\/juezcalatayud\/wp-content\/uploads\/2018\/01\/Ibarrola.jpg 400w\" sizes=\"auto, (max-width: 300px) 100vw, 300px\" \/><figcaption id=\"caption-attachment-7634\" class=\"wp-caption-text\">Ibarrola.<\/figcaption><\/figure>\n<p>&nbsp;<\/p>\n<p>Hola, soy Carlos Mor\u00e1n, el compa\u00f1ero de blog de don Emilio. Varios de vosotros hab\u00e9is comentado las palabras que, sobre el juez, dijo el presentador Risto Mejide en su programa de televisi\u00f3n. Ni don Emilio ni yo lo hab\u00edamos visto, pero como est\u00e1 en &#8216;el Internet&#8217;, pues no hay problema. Al turr\u00f3n, el se\u00f1or Mejide, que estaba entrevistando a Joaqu\u00edn Leguina, rescat\u00f3 el v\u00eddeo en el que el juez explic\u00f3 que actualmente hay ni\u00f1as que se hacen fotos como putas y afirm\u00f3 que don Emilio deber\u00eda ser inhabilitado. Le he preguntado al juez por este asunto y esto es lo que ha respondido: \u00abMe parece bien lo que ha dicho. Gracias a Dios, en este pa\u00eds existe la libertad de expresi\u00f3n. Y yo tengo mucho respeto por la libertad de expresi\u00f3n. Cuando encierro a alg\u00fan chaval (por lo bajinis o a grito &#8216;pelao&#8217;), me suelen llamar hijo puta y no me afecta. Lo entiendo. Adem\u00e1s, luego me lo agradecen. F\u00edjate si tengo respeto por la libertad de expresi\u00f3n\u00bb.<\/p>\n","protected":false},"excerpt":{"rendered":"<p>&nbsp; &nbsp; Hola, soy Carlos Mor\u00e1n, el compa\u00f1ero de blog de don Emilio. Varios de vosotros hab\u00e9is comentado las palabras que, sobre el juez, dijo el presentador Risto Mejide en su programa de televisi\u00f3n. Ni don Emilio ni yo lo hab\u00edamos visto, pero como est\u00e1 en &#8216;el Internet&#8217;, pues no hay problema. Al turr\u00f3n, el [&hellip;]<\/p>\n","protected":false},"author":3,"featured_media":0,"comment_status":"open","ping_status":"open","sticky":false,"template":"","format":"standard","meta":{"jetpack_post_was_ever_published":false,"_jetpack_newsletter_access":"","_jetpack_dont_email_post_to_subs":false,"_jetpack_newsletter_tier_id":0,"_jetpack_memberships_contains_paywalled_content":false,"_jetpack_memberships_contains_paid_content":false,"footnotes":""},"categories":[1],"tags":[1978,721,1979],"class_list":["post-7631","post","type-post","status-publish","format-standard","hentry","category-blog","tag-de-expresion","tag-libertad","tag-risto-mejide"],"jetpack_featured_media_url":"","jetpack_shortlink":"https:\/\/wp.me\/p5fzW5-1Z5","jetpack-related-posts":[],"jetpack_sharing_enabled":true,"_links":{"self":[{"href":"https:\/\/www.granadablogs.com\/juezcalatayud\/wp-json\/wp\/v2\/posts\/7631","targetHints":{"allow":["GET"]}}],"collection":[{"href":"https:\/\/www.granadablogs.com\/juezcalatayud\/wp-json\/wp\/v2\/posts"}],"about":[{"href":"https:\/\/www.granadablogs.com\/juezcalatayud\/wp-json\/wp\/v2\/types\/post"}],"author":[{"embeddable":true,"href":"https:\/\/www.granadablogs.com\/juezcalatayud\/wp-json\/wp\/v2\/users\/3"}],"replies":[{"embeddable":true,"href":"https:\/\/www.granadablogs.com\/juezcalatayud\/wp-json\/wp\/v2\/comments?post=7631"}],"version-history":[{"count":3,"href":"https:\/\/www.granadablogs.com\/juezcalatayud\/wp-json\/wp\/v2\/posts\/7631\/revisions"}],"predecessor-version":[{"id":7635,"href":"https:\/\/www.granadablogs.com\/juezcalatayud\/wp-json\/wp\/v2\/posts\/7631\/revisions\/7635"}],"wp:attachment":[{"href":"https:\/\/www.granadablogs.com\/juezcalatayud\/wp-json\/wp\/v2\/media?parent=7631"}],"wp:term":[{"taxonomy":"category","embeddable":true,"href":"https:\/\/www.granadablogs.com\/juezcalatayud\/wp-json\/wp\/v2\/categories?post=7631"},{"taxonomy":"post_tag","embeddable":true,"href":"https:\/\/www.granadablogs.com\/juezcalatayud\/wp-json\/wp\/v2\/tags?post=7631"}],"curies":[{"name":"wp","href":"https:\/\/api.w.org\/{rel}","templated":true}]}}