{"id":763,"date":"2010-09-22T18:42:06","date_gmt":"2010-09-22T17:42:06","guid":{"rendered":"http:\/\/www.granadablogs.com\/juezcalatayud\/?p=763"},"modified":"2010-09-22T18:42:06","modified_gmt":"2010-09-22T17:42:06","slug":"el-congreso-insta-al-gobierno-a-que-los-padres-de-ninos-enfermos-de-gravedad-tengan-bajas-pagada","status":"publish","type":"post","link":"https:\/\/www.granadablogs.com\/juezcalatayud\/2010\/09\/el-congreso-insta-al-gobierno-a-que-los-padres-de-ninos-enfermos-de-gravedad-tengan-bajas-pagada\/","title":{"rendered":"El Congreso insta al Gobierno a que los padres de ni\u00f1os enfermos de gravedad tengan bajas pagada"},"content":{"rendered":"<p>Buenas noticias. El Congreso de los Diputados ha aprobado por unanimidad una proposici\u00f3n no de ley con la que piden al Gobierno que realice las modificaciones legales pertinentes para que los padres de ni\u00f1os con c\u00e1ncer y cualquier otra enfermedad rara o muy grave puedan optar a una baja laboral retribuida para el cuidado de sus hijos durante la hospitalizaci\u00f3n y tratamiento.<\/p>\n<p>Seg\u00fan ha destacado la diputada de CiU, Conxita Tarruella, autora de esta iniciativa, el objetivo es \u00abhacer justicia\u00bb y facilitar a la madre o padre que quiere cuidar a su hijo enfermo pueda estar a su lado en mejores condiciones.<\/p>\n<p>\u00abActualmente estos padres buscaban la complicidad de los m\u00e9dicos de familia para obtener una baja, mayoritariamente por depresi\u00f3n\u00bb, ha asegurado Tarruella durante el debate en la Comisi\u00f3n de Sanidad, lo que supon\u00eda \u00abtener que ir tirando por el hijo que les necesita\u00bb.<\/p>\n<p>La iniciativa se hab\u00eda planteado inicialmente para los padres de ni\u00f1os con c\u00e1ncer aunque tanto el PSOE y el PP como la propia diputada de CiU, Conxita Tarruella, han acordado ampliar este permiso retribuido a cualquier otra enfermedad que requiera ingreso hospitalario.<\/p>\n","protected":false},"excerpt":{"rendered":"<p>Buenas noticias. El Congreso de los Diputados ha aprobado por unanimidad una proposici\u00f3n no de ley con la que piden al Gobierno que realice las modificaciones legales pertinentes para que los padres de ni\u00f1os con c\u00e1ncer y cualquier otra enfermedad rara o muy grave puedan optar a una baja laboral retribuida para el cuidado de [&hellip;]<\/p>\n","protected":false},"author":3,"featured_media":0,"comment_status":"open","ping_status":"open","sticky":false,"template":"","format":"standard","meta":{"jetpack_post_was_ever_published":false,"_jetpack_newsletter_access":"","_jetpack_dont_email_post_to_subs":false,"_jetpack_newsletter_tier_id":0,"_jetpack_memberships_contains_paywalled_content":false,"_jetpack_memberships_contains_paid_content":false,"footnotes":""},"categories":[1],"tags":[],"class_list":["post-763","post","type-post","status-publish","format-standard","hentry","category-blog"],"jetpack_featured_media_url":"","jetpack_shortlink":"https:\/\/wp.me\/p5fzW5-cj","jetpack-related-posts":[],"jetpack_sharing_enabled":true,"_links":{"self":[{"href":"https:\/\/www.granadablogs.com\/juezcalatayud\/wp-json\/wp\/v2\/posts\/763","targetHints":{"allow":["GET"]}}],"collection":[{"href":"https:\/\/www.granadablogs.com\/juezcalatayud\/wp-json\/wp\/v2\/posts"}],"about":[{"href":"https:\/\/www.granadablogs.com\/juezcalatayud\/wp-json\/wp\/v2\/types\/post"}],"author":[{"embeddable":true,"href":"https:\/\/www.granadablogs.com\/juezcalatayud\/wp-json\/wp\/v2\/users\/3"}],"replies":[{"embeddable":true,"href":"https:\/\/www.granadablogs.com\/juezcalatayud\/wp-json\/wp\/v2\/comments?post=763"}],"version-history":[{"count":1,"href":"https:\/\/www.granadablogs.com\/juezcalatayud\/wp-json\/wp\/v2\/posts\/763\/revisions"}],"predecessor-version":[{"id":764,"href":"https:\/\/www.granadablogs.com\/juezcalatayud\/wp-json\/wp\/v2\/posts\/763\/revisions\/764"}],"wp:attachment":[{"href":"https:\/\/www.granadablogs.com\/juezcalatayud\/wp-json\/wp\/v2\/media?parent=763"}],"wp:term":[{"taxonomy":"category","embeddable":true,"href":"https:\/\/www.granadablogs.com\/juezcalatayud\/wp-json\/wp\/v2\/categories?post=763"},{"taxonomy":"post_tag","embeddable":true,"href":"https:\/\/www.granadablogs.com\/juezcalatayud\/wp-json\/wp\/v2\/tags?post=763"}],"curies":[{"name":"wp","href":"https:\/\/api.w.org\/{rel}","templated":true}]}}