{"id":7623,"date":"2018-01-28T21:05:00","date_gmt":"2018-01-28T19:05:00","guid":{"rendered":"http:\/\/www.granadablogs.com\/juezcalatayud\/?p=7623"},"modified":"2018-01-28T21:05:00","modified_gmt":"2018-01-28T19:05:00","slug":"somos-tan-politicamente-correctos-que-ahora-parece-que-no-se-puede-prohibir-nada","status":"publish","type":"post","link":"https:\/\/www.granadablogs.com\/juezcalatayud\/2018\/01\/somos-tan-politicamente-correctos-que-ahora-parece-que-no-se-puede-prohibir-nada\/","title":{"rendered":"\u00abSomos tan pol\u00edticamente correctos que ahora parece que no se puede prohibir nada\u00bb"},"content":{"rendered":"<p>&nbsp;<\/p>\n<p>&nbsp;<\/p>\n<p>&nbsp;<\/p>\n<figure id=\"attachment_7625\" aria-describedby=\"caption-attachment-7625\" style=\"width: 300px\" class=\"wp-caption aligncenter\"><img loading=\"lazy\" decoding=\"async\" class=\"size-medium wp-image-7625\" src=\"http:\/\/www.granadablogs.com\/juezcalatayud\/wp-content\/uploads\/2018\/01\/Prohibir-300x168.png\" alt=\"\" width=\"300\" height=\"168\" \/><figcaption id=\"caption-attachment-7625\" class=\"wp-caption-text\">abc.es<\/figcaption><\/figure>\n<p>Hola, soy Carlos Mor\u00e1n, el compa\u00f1ero de blog de don Emilio. Aqu\u00ed os dejo unas manifestaciones que hizo don Emilio durante una reciente conferencia. Las reflexiones fueron recogidas por la compa\u00f1era Carlota Fominaya y publicadas en abc.es. Esperamos que os resulten interesantes y generen debate, que, a fin de cuentas es de lo que se trata. Buen comienzo de semana.<\/p>\n<p>\u00abUn ni\u00f1o no deber\u00eda tener un m\u00f3vil antes de los 14 a\u00f1os por mucho que sea un regalo de Navidad o de Primera Comuni\u00f3n porque no posee la suficiente madurez y porque con un solo clic puede cometer un delito. Me encuentro a diario con casos de familias arruinadas porque sus hijos cometen o son v\u00edctimas de acoso sexual o escolar.\u00a0\u00bfC\u00f3mo se valora el da\u00f1o de alguien que ha tenido que cambiar tres veces de instituto porque esa foto ha sido vista por 15.000 personas en un d\u00eda? Somos tan pol\u00edticamente correctos que ahora parece que no se puede prohibir nada y hay cosas que no se pueden permitir porque derivan en problemas muy serios\u00bb.<\/p>\n<p>&nbsp;<\/p>\n","protected":false},"excerpt":{"rendered":"<p>&nbsp; &nbsp; &nbsp; Hola, soy Carlos Mor\u00e1n, el compa\u00f1ero de blog de don Emilio. Aqu\u00ed os dejo unas manifestaciones que hizo don Emilio durante una reciente conferencia. Las reflexiones fueron recogidas por la compa\u00f1era Carlota Fominaya y publicadas en abc.es. Esperamos que os resulten interesantes y generen debate, que, a fin de cuentas es de [&hellip;]<\/p>\n","protected":false},"author":3,"featured_media":0,"comment_status":"open","ping_status":"open","sticky":false,"template":"","format":"standard","meta":{"jetpack_post_was_ever_published":false,"_jetpack_newsletter_access":"","_jetpack_dont_email_post_to_subs":false,"_jetpack_newsletter_tier_id":0,"_jetpack_memberships_contains_paywalled_content":false,"_jetpack_memberships_contains_paid_content":false,"footnotes":""},"categories":[1],"tags":[1975,788,1522],"class_list":["post-7623","post","type-post","status-publish","format-standard","hentry","category-blog","tag-correccion","tag-politica","tag-prohibir"],"jetpack_featured_media_url":"","jetpack_shortlink":"https:\/\/wp.me\/p5fzW5-1YX","jetpack-related-posts":[],"jetpack_sharing_enabled":true,"_links":{"self":[{"href":"https:\/\/www.granadablogs.com\/juezcalatayud\/wp-json\/wp\/v2\/posts\/7623","targetHints":{"allow":["GET"]}}],"collection":[{"href":"https:\/\/www.granadablogs.com\/juezcalatayud\/wp-json\/wp\/v2\/posts"}],"about":[{"href":"https:\/\/www.granadablogs.com\/juezcalatayud\/wp-json\/wp\/v2\/types\/post"}],"author":[{"embeddable":true,"href":"https:\/\/www.granadablogs.com\/juezcalatayud\/wp-json\/wp\/v2\/users\/3"}],"replies":[{"embeddable":true,"href":"https:\/\/www.granadablogs.com\/juezcalatayud\/wp-json\/wp\/v2\/comments?post=7623"}],"version-history":[{"count":2,"href":"https:\/\/www.granadablogs.com\/juezcalatayud\/wp-json\/wp\/v2\/posts\/7623\/revisions"}],"predecessor-version":[{"id":7626,"href":"https:\/\/www.granadablogs.com\/juezcalatayud\/wp-json\/wp\/v2\/posts\/7623\/revisions\/7626"}],"wp:attachment":[{"href":"https:\/\/www.granadablogs.com\/juezcalatayud\/wp-json\/wp\/v2\/media?parent=7623"}],"wp:term":[{"taxonomy":"category","embeddable":true,"href":"https:\/\/www.granadablogs.com\/juezcalatayud\/wp-json\/wp\/v2\/categories?post=7623"},{"taxonomy":"post_tag","embeddable":true,"href":"https:\/\/www.granadablogs.com\/juezcalatayud\/wp-json\/wp\/v2\/tags?post=7623"}],"curies":[{"name":"wp","href":"https:\/\/api.w.org\/{rel}","templated":true}]}}