{"id":7616,"date":"2018-01-27T20:39:58","date_gmt":"2018-01-27T18:39:58","guid":{"rendered":"http:\/\/www.granadablogs.com\/juezcalatayud\/?p=7616"},"modified":"2018-01-27T20:39:58","modified_gmt":"2018-01-27T18:39:58","slug":"una-pregunta-que-todos-los-padres-deberian-hacerse-al-menos-una-vez-en-la-vida","status":"publish","type":"post","link":"https:\/\/www.granadablogs.com\/juezcalatayud\/2018\/01\/una-pregunta-que-todos-los-padres-deberian-hacerse-al-menos-una-vez-en-la-vida\/","title":{"rendered":"Una pregunta que todos los padres deber\u00edan hacerse al menos una vez en la vida"},"content":{"rendered":"<figure id=\"attachment_7621\" aria-describedby=\"caption-attachment-7621\" style=\"width: 150px\" class=\"wp-caption aligncenter\"><img loading=\"lazy\" decoding=\"async\" class=\"size-thumbnail wp-image-7621\" src=\"http:\/\/www.granadablogs.com\/juezcalatayud\/wp-content\/uploads\/2018\/01\/Interrogaci\u00f3n-150x150.jpg\" alt=\"\" width=\"150\" height=\"150\" \/><figcaption id=\"caption-attachment-7621\" class=\"wp-caption-text\">abc.es<\/figcaption><\/figure>\n<p>&nbsp;<\/p>\n<p>Buenas, soy Emilio Calatayud. No es mi intenci\u00f3n amargaros la tarde del s\u00e1bado o el fin de semana entero, pero creo que es necesario hablar de todo. En este sentido, tengo claro que hay una pregunta que todos los padres nos deber\u00edamos hacer al menos una vez en la vida y es esta: \u00bfY si nuestro hijo fuera un criminal? Es una pregunta, pero en realidad son muchas: \u00bfQu\u00e9 har\u00edamos? \u00bfComo reaccionar\u00edamos si nos dijeran que hab\u00eda matado a alguien, por ponernos en lo peor? \u00bfSeguir\u00edamos queri\u00e9ndolo o lo aborrecer\u00edamos?<\/p>\n<p>Lo digo porque, a lo largo de mi vida profesional, he visto cometer hechos terribles a menores de todas las clases sociales: chavales de \u00e1mbitos marginales, pero tambi\u00e9n de familias acomodadas y medias. Nadie est\u00e1 libre que su hijo sea v\u00edctima de un crimen, pero tampoco de que sea un criminal. Afortunadamente, no es probable, pero es posible,<\/p>\n","protected":false},"excerpt":{"rendered":"<p>&nbsp; Buenas, soy Emilio Calatayud. No es mi intenci\u00f3n amargaros la tarde del s\u00e1bado o el fin de semana entero, pero creo que es necesario hablar de todo. En este sentido, tengo claro que hay una pregunta que todos los padres nos deber\u00edamos hacer al menos una vez en la vida y es esta: \u00bfY [&hellip;]<\/p>\n","protected":false},"author":2,"featured_media":0,"comment_status":"open","ping_status":"open","sticky":false,"template":"","format":"standard","meta":{"jetpack_post_was_ever_published":false,"_jetpack_newsletter_access":"","_jetpack_dont_email_post_to_subs":false,"_jetpack_newsletter_tier_id":0,"_jetpack_memberships_contains_paywalled_content":false,"_jetpack_memberships_contains_paid_content":false,"footnotes":""},"categories":[1],"tags":[1974,90,818],"class_list":["post-7616","post","type-post","status-publish","format-standard","hentry","category-blog","tag-criminal","tag-padres","tag-pregunta"],"jetpack_featured_media_url":"","jetpack_shortlink":"https:\/\/wp.me\/p5fzW5-1YQ","jetpack-related-posts":[],"jetpack_sharing_enabled":true,"_links":{"self":[{"href":"https:\/\/www.granadablogs.com\/juezcalatayud\/wp-json\/wp\/v2\/posts\/7616","targetHints":{"allow":["GET"]}}],"collection":[{"href":"https:\/\/www.granadablogs.com\/juezcalatayud\/wp-json\/wp\/v2\/posts"}],"about":[{"href":"https:\/\/www.granadablogs.com\/juezcalatayud\/wp-json\/wp\/v2\/types\/post"}],"author":[{"embeddable":true,"href":"https:\/\/www.granadablogs.com\/juezcalatayud\/wp-json\/wp\/v2\/users\/2"}],"replies":[{"embeddable":true,"href":"https:\/\/www.granadablogs.com\/juezcalatayud\/wp-json\/wp\/v2\/comments?post=7616"}],"version-history":[{"count":4,"href":"https:\/\/www.granadablogs.com\/juezcalatayud\/wp-json\/wp\/v2\/posts\/7616\/revisions"}],"predecessor-version":[{"id":7622,"href":"https:\/\/www.granadablogs.com\/juezcalatayud\/wp-json\/wp\/v2\/posts\/7616\/revisions\/7622"}],"wp:attachment":[{"href":"https:\/\/www.granadablogs.com\/juezcalatayud\/wp-json\/wp\/v2\/media?parent=7616"}],"wp:term":[{"taxonomy":"category","embeddable":true,"href":"https:\/\/www.granadablogs.com\/juezcalatayud\/wp-json\/wp\/v2\/categories?post=7616"},{"taxonomy":"post_tag","embeddable":true,"href":"https:\/\/www.granadablogs.com\/juezcalatayud\/wp-json\/wp\/v2\/tags?post=7616"}],"curies":[{"name":"wp","href":"https:\/\/api.w.org\/{rel}","templated":true}]}}