{"id":761,"date":"2010-09-22T16:36:43","date_gmt":"2010-09-22T15:36:43","guid":{"rendered":"http:\/\/www.granadablogs.com\/juezcalatayud\/?p=761"},"modified":"2010-09-22T16:36:43","modified_gmt":"2010-09-22T15:36:43","slug":"apoyo-que-los-padres-de-ninos-enfermos-de-cancer-disfruten-de-una-baja-remunerada","status":"publish","type":"post","link":"https:\/\/www.granadablogs.com\/juezcalatayud\/2010\/09\/apoyo-que-los-padres-de-ninos-enfermos-de-cancer-disfruten-de-una-baja-remunerada\/","title":{"rendered":"Apoyo que los padres de ni\u00f1os enfermos de c\u00e1ncer disfruten de una baja remunerada"},"content":{"rendered":"<p class=\"resumeArcticle\" style=\"font-size: 13px;\">Buenas, soy Emilio Calatayud. Como sab\u00e9is, mi mujer est\u00e1 enferma de c\u00e1ncer. Lo contamos aqu\u00ed en este mismo blog. As\u00ed que no podemos m\u00e1s que apoyar con todas nuestras fuerzas la petici\u00f3n de los padres de ni\u00f1os que sufren c\u00e1ncer para que tengan bajas pagadas mientras cuidan de sus peque\u00f1os. No se nos ocurre nada mejor que pueda hacer la Seguridad Social. Es una petici\u00f3n absolutamente justa. Me parece que CIU ha presentado una iniciativa en el Congreso para conseguir que el padre o la padre de un ni\u00f1o enfermo de c\u00e1ncer puedan estar con \u00e9l todo el tiempo que sea necesario sin por ello perder su trabajo y su salario. El Gobierno debe aceptar esa petici\u00f3n. El c\u00e1ncer es muy duro y los tratamienos largos y complicados, lo sabemos por experiencia. Y mucho m\u00e1s si el enfermo es un ni\u00f1o. Tambi\u00e9n sabemos por experiencia que acompa\u00f1ar al enfermo es curativo, ayuda a que se cure, a que est\u00e9 mejor. Cuando a mi mujer le detectaron el tumor, toda la familia dedic\u00f3 sus vacaciones a estar con ella y cuidarla. No hay nada m\u00e1s bonito. Pero los vacaciones se acaban y los d\u00edas de asuntos propios&#8230; y tienes que volver al trabajo y dejar al enfermo, y eso es muy duro. Afortunadamente, en mi caso, gracias al Consejo General del Poder Judicial y a la solidaridad de mis compa\u00f1eros, pude estar con mi mujer. Ojal\u00e1 todos puedan hacer lo mismo porque una ley as\u00ed lo diga.<\/p>\n<p class=\"resumeArcticle\" style=\"font-size: 13px;\">\u00a0<\/p>\n","protected":false},"excerpt":{"rendered":"<p>Buenas, soy Emilio Calatayud. Como sab\u00e9is, mi mujer est\u00e1 enferma de c\u00e1ncer. Lo contamos aqu\u00ed en este mismo blog. As\u00ed que no podemos m\u00e1s que apoyar con todas nuestras fuerzas la petici\u00f3n de los padres de ni\u00f1os que sufren c\u00e1ncer para que tengan bajas pagadas mientras cuidan de sus peque\u00f1os. No se nos ocurre nada [&hellip;]<\/p>\n","protected":false},"author":2,"featured_media":0,"comment_status":"open","ping_status":"open","sticky":false,"template":"","format":"standard","meta":{"jetpack_post_was_ever_published":false,"_jetpack_newsletter_access":"","_jetpack_dont_email_post_to_subs":false,"_jetpack_newsletter_tier_id":0,"_jetpack_memberships_contains_paywalled_content":false,"_jetpack_memberships_contains_paid_content":false,"footnotes":""},"categories":[1],"tags":[75,41],"class_list":["post-761","post","type-post","status-publish","format-standard","hentry","category-blog","tag-cancer","tag-ninos"],"jetpack_featured_media_url":"","jetpack_shortlink":"https:\/\/wp.me\/p5fzW5-ch","jetpack-related-posts":[],"jetpack_sharing_enabled":true,"_links":{"self":[{"href":"https:\/\/www.granadablogs.com\/juezcalatayud\/wp-json\/wp\/v2\/posts\/761","targetHints":{"allow":["GET"]}}],"collection":[{"href":"https:\/\/www.granadablogs.com\/juezcalatayud\/wp-json\/wp\/v2\/posts"}],"about":[{"href":"https:\/\/www.granadablogs.com\/juezcalatayud\/wp-json\/wp\/v2\/types\/post"}],"author":[{"embeddable":true,"href":"https:\/\/www.granadablogs.com\/juezcalatayud\/wp-json\/wp\/v2\/users\/2"}],"replies":[{"embeddable":true,"href":"https:\/\/www.granadablogs.com\/juezcalatayud\/wp-json\/wp\/v2\/comments?post=761"}],"version-history":[{"count":1,"href":"https:\/\/www.granadablogs.com\/juezcalatayud\/wp-json\/wp\/v2\/posts\/761\/revisions"}],"predecessor-version":[{"id":762,"href":"https:\/\/www.granadablogs.com\/juezcalatayud\/wp-json\/wp\/v2\/posts\/761\/revisions\/762"}],"wp:attachment":[{"href":"https:\/\/www.granadablogs.com\/juezcalatayud\/wp-json\/wp\/v2\/media?parent=761"}],"wp:term":[{"taxonomy":"category","embeddable":true,"href":"https:\/\/www.granadablogs.com\/juezcalatayud\/wp-json\/wp\/v2\/categories?post=761"},{"taxonomy":"post_tag","embeddable":true,"href":"https:\/\/www.granadablogs.com\/juezcalatayud\/wp-json\/wp\/v2\/tags?post=761"}],"curies":[{"name":"wp","href":"https:\/\/api.w.org\/{rel}","templated":true}]}}