{"id":759,"date":"2010-09-20T17:29:33","date_gmt":"2010-09-20T16:29:33","guid":{"rendered":"http:\/\/www.granadablogs.com\/juezcalatayud\/?p=759"},"modified":"2010-09-20T17:29:33","modified_gmt":"2010-09-20T16:29:33","slug":"un-menor-de-cordoba-acusado-de-matar-a-250-pollos","status":"publish","type":"post","link":"https:\/\/www.granadablogs.com\/juezcalatayud\/2010\/09\/un-menor-de-cordoba-acusado-de-matar-a-250-pollos\/","title":{"rendered":"Un menor de C\u00f3rdoba, acusado de matar a 250 pollos"},"content":{"rendered":"<p>\u00abLa Guardia Civil ha detenido en un pueblo de la provincia de C\u00f3rdoba a un menor de 15 a\u00f1os acusado de matar \u00abcon gran violencia\u00bb a 250 pollos de una granja av\u00edcola y robar varios productos de limpieza de un establecimiento comercial. Adem\u00e1s, hab\u00eda pintado a las aves y el mobiliario de la nave con un aerosol de similares caracter\u00edsticas y color al que se hab\u00eda sustra\u00eddo del almac\u00e9n\u00bb.<\/p>\n<p>\u00bfQu\u00e9 hacemos con este chaval? \u00bfQu\u00e9 condena ejemplar merecer\u00eda? Desde luego, lo que parece obligado a tenor de los hechos, es que el chico se someta a un examen psicol\u00f3gico. <\/p>\n","protected":false},"excerpt":{"rendered":"<p>\u00abLa Guardia Civil ha detenido en un pueblo de la provincia de C\u00f3rdoba a un menor de 15 a\u00f1os acusado de matar \u00abcon gran violencia\u00bb a 250 pollos de una granja av\u00edcola y robar varios productos de limpieza de un establecimiento comercial. Adem\u00e1s, hab\u00eda pintado a las aves y el mobiliario de la nave con [&hellip;]<\/p>\n","protected":false},"author":3,"featured_media":0,"comment_status":"open","ping_status":"open","sticky":false,"template":"","format":"standard","meta":{"jetpack_post_was_ever_published":false,"_jetpack_newsletter_access":"","_jetpack_dont_email_post_to_subs":false,"_jetpack_newsletter_tier_id":0,"_jetpack_memberships_contains_paywalled_content":false,"_jetpack_memberships_contains_paid_content":false,"footnotes":""},"categories":[1],"tags":[],"class_list":["post-759","post","type-post","status-publish","format-standard","hentry","category-blog"],"jetpack_featured_media_url":"","jetpack_shortlink":"https:\/\/wp.me\/p5fzW5-cf","jetpack-related-posts":[],"jetpack_sharing_enabled":true,"_links":{"self":[{"href":"https:\/\/www.granadablogs.com\/juezcalatayud\/wp-json\/wp\/v2\/posts\/759","targetHints":{"allow":["GET"]}}],"collection":[{"href":"https:\/\/www.granadablogs.com\/juezcalatayud\/wp-json\/wp\/v2\/posts"}],"about":[{"href":"https:\/\/www.granadablogs.com\/juezcalatayud\/wp-json\/wp\/v2\/types\/post"}],"author":[{"embeddable":true,"href":"https:\/\/www.granadablogs.com\/juezcalatayud\/wp-json\/wp\/v2\/users\/3"}],"replies":[{"embeddable":true,"href":"https:\/\/www.granadablogs.com\/juezcalatayud\/wp-json\/wp\/v2\/comments?post=759"}],"version-history":[{"count":1,"href":"https:\/\/www.granadablogs.com\/juezcalatayud\/wp-json\/wp\/v2\/posts\/759\/revisions"}],"predecessor-version":[{"id":760,"href":"https:\/\/www.granadablogs.com\/juezcalatayud\/wp-json\/wp\/v2\/posts\/759\/revisions\/760"}],"wp:attachment":[{"href":"https:\/\/www.granadablogs.com\/juezcalatayud\/wp-json\/wp\/v2\/media?parent=759"}],"wp:term":[{"taxonomy":"category","embeddable":true,"href":"https:\/\/www.granadablogs.com\/juezcalatayud\/wp-json\/wp\/v2\/categories?post=759"},{"taxonomy":"post_tag","embeddable":true,"href":"https:\/\/www.granadablogs.com\/juezcalatayud\/wp-json\/wp\/v2\/tags?post=759"}],"curies":[{"name":"wp","href":"https:\/\/api.w.org\/{rel}","templated":true}]}}