{"id":754,"date":"2010-09-15T17:32:38","date_gmt":"2010-09-15T16:32:38","guid":{"rendered":"http:\/\/www.granadablogs.com\/juezcalatayud\/?p=754"},"modified":"2010-09-15T17:32:38","modified_gmt":"2010-09-15T16:32:38","slug":"rumanos","status":"publish","type":"post","link":"https:\/\/www.granadablogs.com\/juezcalatayud\/2010\/09\/rumanos\/","title":{"rendered":"Rumanos"},"content":{"rendered":"<p>Soy Carlos Mor\u00e1n. No hay relaci\u00f3n temporal posible entre la historia que relatar\u00e9 a continuaci\u00f3n y las vergonzosas &#8216;deportaciones&#8217; de gitanos rumanos que est\u00e1 llevando a cabo el presidente de Francia, el se\u00f1or Sarkozy. No hay relaci\u00f3n temporal, porque la historia en cuesti\u00f3n ocurri\u00f3 en 2007, pero s\u00ed argumental. En ambos casos, hay un sofocante tufo a xenofobia presidi\u00e9ndolo todo. No pretendo ser pol\u00edticamente correcto. S\u00e9 que no es f\u00e1cil integrar a determinadas minor\u00edas, pero las im\u00e1genes de los gitanos saliendo de Francia, una naci\u00f3n que siempre se ha distinguido por su defensa de las libertades, por la puerta de atr\u00e1s son deprimentes y deplorables.<br \/>\nBueno, y ahora la historia de la que hablaba y que ha sido publicada hoy en IDEAL.<br \/>\n\u00abPuto rumano, te vamos a echar de aqu\u00ed\u00bb. Antes de perder la consciencia, la v\u00edctima se hart\u00f3 de escuchar imprecaciones y amenazas xen\u00f3fobas. Los atestados de las Fuerzas de Seguridad que intervinieron en el suceso recogen esos gritos y describen una escena que se asemejaba peligrosamente a un intento de linchamiento: unas cuarenta personas, muy alteradas, rodeaban a un cuerpo herido e inm\u00f3vil. Cuando llegaron los patrulleros, la turba se disolvi\u00f3 de manera fulminante. Comenzaba una investigaci\u00f3n que no tardar\u00eda en dar resultados. Cinco de los supuestos agresores eran menores de edad: adolescentes normales que no acostumbraban a meterse en problemas.<br \/>\nOcurri\u00f3 en el verano de 2007 en una localidad de la provincia de Granada. La Fiscal\u00eda de Menores les ha acusado ahora de la supuesta comisi\u00f3n de un delito de lesiones. En este sentido, pide que, en caso de ser condenados, realicen una tarea socio educativa que estar\u00e1 relacionada con la naturaleza de la infracci\u00f3n. Adem\u00e1s, y siempre que se demuestre su culpabilidad, tendr\u00e1n que indemnizar con 2.300 euros a la v\u00edctima por las secuelas f\u00edsicas y psicol\u00f3gicas de la agresi\u00f3n\u00bb.<\/p>\n","protected":false},"excerpt":{"rendered":"<p>Soy Carlos Mor\u00e1n. No hay relaci\u00f3n temporal posible entre la historia que relatar\u00e9 a continuaci\u00f3n y las vergonzosas &#8216;deportaciones&#8217; de gitanos rumanos que est\u00e1 llevando a cabo el presidente de Francia, el se\u00f1or Sarkozy. No hay relaci\u00f3n temporal, porque la historia en cuesti\u00f3n ocurri\u00f3 en 2007, pero s\u00ed argumental. En ambos casos, hay un sofocante [&hellip;]<\/p>\n","protected":false},"author":3,"featured_media":0,"comment_status":"open","ping_status":"open","sticky":false,"template":"","format":"standard","meta":{"jetpack_post_was_ever_published":false,"_jetpack_newsletter_access":"","_jetpack_dont_email_post_to_subs":false,"_jetpack_newsletter_tier_id":0,"_jetpack_memberships_contains_paywalled_content":false,"_jetpack_memberships_contains_paid_content":false,"footnotes":""},"categories":[1],"tags":[172,173,174,175],"class_list":["post-754","post","type-post","status-publish","format-standard","hentry","category-blog","tag-rumanos","tag-sarkoxy","tag-sarkozy","tag-xenofobia"],"jetpack_featured_media_url":"","jetpack_shortlink":"https:\/\/wp.me\/s5fzW5-rumanos","jetpack-related-posts":[],"jetpack_sharing_enabled":true,"_links":{"self":[{"href":"https:\/\/www.granadablogs.com\/juezcalatayud\/wp-json\/wp\/v2\/posts\/754","targetHints":{"allow":["GET"]}}],"collection":[{"href":"https:\/\/www.granadablogs.com\/juezcalatayud\/wp-json\/wp\/v2\/posts"}],"about":[{"href":"https:\/\/www.granadablogs.com\/juezcalatayud\/wp-json\/wp\/v2\/types\/post"}],"author":[{"embeddable":true,"href":"https:\/\/www.granadablogs.com\/juezcalatayud\/wp-json\/wp\/v2\/users\/3"}],"replies":[{"embeddable":true,"href":"https:\/\/www.granadablogs.com\/juezcalatayud\/wp-json\/wp\/v2\/comments?post=754"}],"version-history":[{"count":1,"href":"https:\/\/www.granadablogs.com\/juezcalatayud\/wp-json\/wp\/v2\/posts\/754\/revisions"}],"predecessor-version":[{"id":755,"href":"https:\/\/www.granadablogs.com\/juezcalatayud\/wp-json\/wp\/v2\/posts\/754\/revisions\/755"}],"wp:attachment":[{"href":"https:\/\/www.granadablogs.com\/juezcalatayud\/wp-json\/wp\/v2\/media?parent=754"}],"wp:term":[{"taxonomy":"category","embeddable":true,"href":"https:\/\/www.granadablogs.com\/juezcalatayud\/wp-json\/wp\/v2\/categories?post=754"},{"taxonomy":"post_tag","embeddable":true,"href":"https:\/\/www.granadablogs.com\/juezcalatayud\/wp-json\/wp\/v2\/tags?post=754"}],"curies":[{"name":"wp","href":"https:\/\/api.w.org\/{rel}","templated":true}]}}