{"id":750,"date":"2010-09-14T17:20:52","date_gmt":"2010-09-14T16:20:52","guid":{"rendered":"http:\/\/www.granadablogs.com\/juezcalatayud\/?p=750"},"modified":"2010-09-14T17:22:17","modified_gmt":"2010-09-14T16:22:17","slug":"el-valor-de-pedir-perdon","status":"publish","type":"post","link":"https:\/\/www.granadablogs.com\/juezcalatayud\/2010\/09\/el-valor-de-pedir-perdon\/","title":{"rendered":"El valor de pedir perd\u00f3n"},"content":{"rendered":"<p>Los equipos de mediaci\u00f3n penal con menores gestionaron el pasado a\u00f1o 1.821 casos en Andaluc\u00eda, de los que el 71% se resolvi\u00f3 con un acuerdo entre las partes, seg\u00fan ha explicado hoy la directora general de Justicia Juvenil y Servicios Judiciales, Carmen Belinch\u00f3n. En rom\u00e1n paladino, esto quiere decir que cientos de menores que hab\u00edan cometido alg\u00fan delito -como es l\u00f3gico, no pueden acogerse a esta modalidad los homicidas o los autores de otros delitos de extrema gravedad- han pedido perd\u00f3n a sus v\u00edctimas y han reparado el da\u00f1o causado. Y lo han hecho cara a cara. A cambio, los chavales eluden el juicio, es decir, que no tienen que sentarse en el banquillo de los acusados. Es una v\u00eda muy interesante que, adem\u00e1s de ahorrar la pena de banquillo al acusado, es m\u00e1s barata en t\u00e9rminos econ\u00f3micos que la del juicio propiamente dicha.<br \/>\nPor supuesto, la v\u00edctima tiene que estar de acuerdo. Seguramente, aqu\u00ed est\u00e1 el futuro de la justicia de menores&#8230; Y tampoco ser\u00eda mala idea que est\u00e1 medida se extendiera entre los adultos. Porque, a fin de cuentas, a alguien al que le han destrozado el coche -es s\u00f3lo un ejemplo- lo que m\u00e1s le importa es que le pidan perd\u00f3n y, sobre todo, que le reparen los desperfectos.<br \/>\nEl valor de pedir perd\u00f3n es mucho&#8230; y en todos los sentidos. <\/p>\n<p>Saludos. <\/p>\n","protected":false},"excerpt":{"rendered":"<p>Los equipos de mediaci\u00f3n penal con menores gestionaron el pasado a\u00f1o 1.821 casos en Andaluc\u00eda, de los que el 71% se resolvi\u00f3 con un acuerdo entre las partes, seg\u00fan ha explicado hoy la directora general de Justicia Juvenil y Servicios Judiciales, Carmen Belinch\u00f3n. En rom\u00e1n paladino, esto quiere decir que cientos de menores que hab\u00edan [&hellip;]<\/p>\n","protected":false},"author":3,"featured_media":0,"comment_status":"open","ping_status":"open","sticky":false,"template":"","format":"standard","meta":{"jetpack_post_was_ever_published":false,"_jetpack_newsletter_access":"","_jetpack_dont_email_post_to_subs":false,"_jetpack_newsletter_tier_id":0,"_jetpack_memberships_contains_paywalled_content":false,"_jetpack_memberships_contains_paid_content":false,"footnotes":""},"categories":[1],"tags":[],"class_list":["post-750","post","type-post","status-publish","format-standard","hentry","category-blog"],"jetpack_featured_media_url":"","jetpack_shortlink":"https:\/\/wp.me\/p5fzW5-c6","jetpack-related-posts":[],"jetpack_sharing_enabled":true,"_links":{"self":[{"href":"https:\/\/www.granadablogs.com\/juezcalatayud\/wp-json\/wp\/v2\/posts\/750","targetHints":{"allow":["GET"]}}],"collection":[{"href":"https:\/\/www.granadablogs.com\/juezcalatayud\/wp-json\/wp\/v2\/posts"}],"about":[{"href":"https:\/\/www.granadablogs.com\/juezcalatayud\/wp-json\/wp\/v2\/types\/post"}],"author":[{"embeddable":true,"href":"https:\/\/www.granadablogs.com\/juezcalatayud\/wp-json\/wp\/v2\/users\/3"}],"replies":[{"embeddable":true,"href":"https:\/\/www.granadablogs.com\/juezcalatayud\/wp-json\/wp\/v2\/comments?post=750"}],"version-history":[{"count":3,"href":"https:\/\/www.granadablogs.com\/juezcalatayud\/wp-json\/wp\/v2\/posts\/750\/revisions"}],"predecessor-version":[{"id":753,"href":"https:\/\/www.granadablogs.com\/juezcalatayud\/wp-json\/wp\/v2\/posts\/750\/revisions\/753"}],"wp:attachment":[{"href":"https:\/\/www.granadablogs.com\/juezcalatayud\/wp-json\/wp\/v2\/media?parent=750"}],"wp:term":[{"taxonomy":"category","embeddable":true,"href":"https:\/\/www.granadablogs.com\/juezcalatayud\/wp-json\/wp\/v2\/categories?post=750"},{"taxonomy":"post_tag","embeddable":true,"href":"https:\/\/www.granadablogs.com\/juezcalatayud\/wp-json\/wp\/v2\/tags?post=750"}],"curies":[{"name":"wp","href":"https:\/\/api.w.org\/{rel}","templated":true}]}}