{"id":7482,"date":"2018-01-07T20:36:05","date_gmt":"2018-01-07T18:36:05","guid":{"rendered":"http:\/\/www.granadablogs.com\/juezcalatayud\/?p=7482"},"modified":"2018-01-07T20:36:05","modified_gmt":"2018-01-07T18:36:05","slug":"estamos-mas-conectados-que-nunca-pero-nos-quedamos-atrapados-en-la-nieve-como-siempre","status":"publish","type":"post","link":"https:\/\/www.granadablogs.com\/juezcalatayud\/2018\/01\/estamos-mas-conectados-que-nunca-pero-nos-quedamos-atrapados-en-la-nieve-como-siempre\/","title":{"rendered":"Estamos m\u00e1s conectados que nunca, pero nos quedamos atrapados en la nieve como siempre"},"content":{"rendered":"<p>&nbsp;<\/p>\n<figure id=\"attachment_7485\" aria-describedby=\"caption-attachment-7485\" style=\"width: 150px\" class=\"wp-caption aligncenter\"><img loading=\"lazy\" decoding=\"async\" class=\"size-thumbnail wp-image-7485\" src=\"http:\/\/www.granadablogs.com\/juezcalatayud\/wp-content\/uploads\/2018\/01\/Nevazo-150x150.jpg\" alt=\"\" width=\"150\" height=\"150\" \/><figcaption id=\"caption-attachment-7485\" class=\"wp-caption-text\">Foto: Norte de Castilla<\/figcaption><\/figure>\n<p>&nbsp;<\/p>\n<p>Buenas, soy Emilio Calatayud. Lo primero es compadecerme de las personas que han pasado la noche en la AP-6 por culpa del nevazo y lo segundo, pedirle a los pol\u00edticos que no intenten ganar votos aprovech\u00e1ndose de lo que hace la naturaleza, porque la naturaleza no tiene gobierno. Pas\u00f3 cuando mandaba Zapatero, y Rajoy lo critic\u00f3, y ha pasado ahora que manda Rajoy, y S\u00e1nchez lo critica. Y les\u00a0pasar\u00e1 a Podemos y a Ciudadanos si mandan alguna vez&#8230; Pero bueno, all\u00e1 ellos.<\/p>\n<p>De todas formas, no me resisto a hacer una reflexi\u00f3n: estamos m\u00e1s conectados que nunca, pero nos quedamos atrapados en la nieve como siempre. Tel\u00e9fonos con conexi\u00f3n a Internet, redes sociales&#8230; y al final tenemos que pasar la noche al raso. Estamos m\u00e1s conectados que nunca, pero no estamos informados. Nos enteramos al instante de que nuestros hijos est\u00e1n comiendo en un restaurante en el otro extremo de mundo, pero nos caza la borrasca de la que los telediarios nos vienen avisando desde hace unos d\u00edas.<\/p>\n<p>Y a esto le llaman progreso. Algo no debemos estar haciendo bien.<\/p>\n<p>&nbsp;<\/p>\n","protected":false},"excerpt":{"rendered":"<p>&nbsp; &nbsp; Buenas, soy Emilio Calatayud. Lo primero es compadecerme de las personas que han pasado la noche en la AP-6 por culpa del nevazo y lo segundo, pedirle a los pol\u00edticos que no intenten ganar votos aprovech\u00e1ndose de lo que hace la naturaleza, porque la naturaleza no tiene gobierno. Pas\u00f3 cuando mandaba Zapatero, y [&hellip;]<\/p>\n","protected":false},"author":2,"featured_media":0,"comment_status":"open","ping_status":"open","sticky":false,"template":"","format":"standard","meta":{"jetpack_post_was_ever_published":false,"_jetpack_newsletter_access":"","_jetpack_dont_email_post_to_subs":false,"_jetpack_newsletter_tier_id":0,"_jetpack_memberships_contains_paywalled_content":false,"_jetpack_memberships_contains_paid_content":false,"footnotes":""},"categories":[1],"tags":[1160,127],"class_list":["post-7482","post","type-post","status-publish","format-standard","hentry","category-blog","tag-atrapados","tag-nieve"],"jetpack_featured_media_url":"","jetpack_shortlink":"https:\/\/wp.me\/p5fzW5-1WG","jetpack-related-posts":[],"jetpack_sharing_enabled":true,"_links":{"self":[{"href":"https:\/\/www.granadablogs.com\/juezcalatayud\/wp-json\/wp\/v2\/posts\/7482","targetHints":{"allow":["GET"]}}],"collection":[{"href":"https:\/\/www.granadablogs.com\/juezcalatayud\/wp-json\/wp\/v2\/posts"}],"about":[{"href":"https:\/\/www.granadablogs.com\/juezcalatayud\/wp-json\/wp\/v2\/types\/post"}],"author":[{"embeddable":true,"href":"https:\/\/www.granadablogs.com\/juezcalatayud\/wp-json\/wp\/v2\/users\/2"}],"replies":[{"embeddable":true,"href":"https:\/\/www.granadablogs.com\/juezcalatayud\/wp-json\/wp\/v2\/comments?post=7482"}],"version-history":[{"count":3,"href":"https:\/\/www.granadablogs.com\/juezcalatayud\/wp-json\/wp\/v2\/posts\/7482\/revisions"}],"predecessor-version":[{"id":7486,"href":"https:\/\/www.granadablogs.com\/juezcalatayud\/wp-json\/wp\/v2\/posts\/7482\/revisions\/7486"}],"wp:attachment":[{"href":"https:\/\/www.granadablogs.com\/juezcalatayud\/wp-json\/wp\/v2\/media?parent=7482"}],"wp:term":[{"taxonomy":"category","embeddable":true,"href":"https:\/\/www.granadablogs.com\/juezcalatayud\/wp-json\/wp\/v2\/categories?post=7482"},{"taxonomy":"post_tag","embeddable":true,"href":"https:\/\/www.granadablogs.com\/juezcalatayud\/wp-json\/wp\/v2\/tags?post=7482"}],"curies":[{"name":"wp","href":"https:\/\/api.w.org\/{rel}","templated":true}]}}