{"id":746,"date":"2010-09-13T18:03:22","date_gmt":"2010-09-13T17:03:22","guid":{"rendered":"http:\/\/www.granadablogs.com\/juezcalatayud\/?p=746"},"modified":"2010-09-13T18:09:49","modified_gmt":"2010-09-13T17:09:49","slug":"un-libro-para-aprender-a-educar-a-las-panteras","status":"publish","type":"post","link":"https:\/\/www.granadablogs.com\/juezcalatayud\/2010\/09\/un-libro-para-aprender-a-educar-a-las-panteras\/","title":{"rendered":"Un libro para aprender a educar a las panteras"},"content":{"rendered":"<p>El escritor y psic\u00f3logo Ignacio Garc\u00eda-Vali\u00f1o acaba de publicar un m\u00e1s que interesante ensayo titulado &#8216;Educar a la pantera, Comprender y corregir la conducta antisocial de los m\u00e1s j\u00f3venes&#8217; (editorial Debate). Seg\u00fan sus propias palabras, \u00abhe querido plasmar mi experiencia profesional con los ni\u00f1os y adolescentes que he conocido en las escuelas, y con sus familias, hablar, a trav\u00e9s de esas almas dislocadas, sobre los trastornos de la conducta; retratar el escenario que dejan a su paso, el torbellino de emociones que generan; recuperar la sonoridad de sus voces y el \u00edmpetu de sus gestos y el desaf\u00edo de sus miradas y la herida altaner\u00eda de sus sonrisas. He querdio hacer un libro vertebrado por los casos reales, donde tengan cabida las familias, los sufridos educadores y tambi\u00e9n los dem\u00e1s alumnos, amedrentados y at\u00f3nitos espectadores, o a veces c\u00f3mplices\u00bb.<br \/>\nEs un ensayo, s\u00ed, pero se lee como una novela. Y lo mejor de todo es que aporta esperanza. Incluso los casos m\u00e1s complicados tienen soluci\u00f3n. Os lo recomendamos vivamente. El blog de Ignacio est\u00e1 en http:\/\/blogs.elcorreodigital.com\/en-buena-logica\/posts<\/p>\n<p>Por cierto, en la restructuraci\u00f3n de nuestro blog, tambi\u00e9n queremos que nos d\u00e9is a conocer libros o personas que puedan ayudarnos a todos a ser mejores padres, educadores, etc. Nuestra particular &#8216;Menorpedia&#8217; queda abierta desde este preciso instante. Gracias. <\/p>\n","protected":false},"excerpt":{"rendered":"<p>El escritor y psic\u00f3logo Ignacio Garc\u00eda-Vali\u00f1o acaba de publicar un m\u00e1s que interesante ensayo titulado &#8216;Educar a la pantera, Comprender y corregir la conducta antisocial de los m\u00e1s j\u00f3venes&#8217; (editorial Debate). Seg\u00fan sus propias palabras, \u00abhe querido plasmar mi experiencia profesional con los ni\u00f1os y adolescentes que he conocido en las escuelas, y con sus [&hellip;]<\/p>\n","protected":false},"author":3,"featured_media":0,"comment_status":"open","ping_status":"open","sticky":false,"template":"","format":"standard","meta":{"jetpack_post_was_ever_published":false,"_jetpack_newsletter_access":"","_jetpack_dont_email_post_to_subs":false,"_jetpack_newsletter_tier_id":0,"_jetpack_memberships_contains_paywalled_content":false,"_jetpack_memberships_contains_paid_content":false,"footnotes":""},"categories":[1],"tags":[],"class_list":["post-746","post","type-post","status-publish","format-standard","hentry","category-blog"],"jetpack_featured_media_url":"","jetpack_shortlink":"https:\/\/wp.me\/p5fzW5-c2","jetpack-related-posts":[],"jetpack_sharing_enabled":true,"_links":{"self":[{"href":"https:\/\/www.granadablogs.com\/juezcalatayud\/wp-json\/wp\/v2\/posts\/746","targetHints":{"allow":["GET"]}}],"collection":[{"href":"https:\/\/www.granadablogs.com\/juezcalatayud\/wp-json\/wp\/v2\/posts"}],"about":[{"href":"https:\/\/www.granadablogs.com\/juezcalatayud\/wp-json\/wp\/v2\/types\/post"}],"author":[{"embeddable":true,"href":"https:\/\/www.granadablogs.com\/juezcalatayud\/wp-json\/wp\/v2\/users\/3"}],"replies":[{"embeddable":true,"href":"https:\/\/www.granadablogs.com\/juezcalatayud\/wp-json\/wp\/v2\/comments?post=746"}],"version-history":[{"count":3,"href":"https:\/\/www.granadablogs.com\/juezcalatayud\/wp-json\/wp\/v2\/posts\/746\/revisions"}],"predecessor-version":[{"id":749,"href":"https:\/\/www.granadablogs.com\/juezcalatayud\/wp-json\/wp\/v2\/posts\/746\/revisions\/749"}],"wp:attachment":[{"href":"https:\/\/www.granadablogs.com\/juezcalatayud\/wp-json\/wp\/v2\/media?parent=746"}],"wp:term":[{"taxonomy":"category","embeddable":true,"href":"https:\/\/www.granadablogs.com\/juezcalatayud\/wp-json\/wp\/v2\/categories?post=746"},{"taxonomy":"post_tag","embeddable":true,"href":"https:\/\/www.granadablogs.com\/juezcalatayud\/wp-json\/wp\/v2\/tags?post=746"}],"curies":[{"name":"wp","href":"https:\/\/api.w.org\/{rel}","templated":true}]}}