{"id":734,"date":"2010-09-08T19:06:59","date_gmt":"2010-09-08T18:06:59","guid":{"rendered":"http:\/\/www.granadablogs.com\/juezcalatayud\/?p=734"},"modified":"2010-09-08T19:06:59","modified_gmt":"2010-09-08T18:06:59","slug":"demasiadas-prohibiciones-contra-el-tabaquismo","status":"publish","type":"post","link":"https:\/\/www.granadablogs.com\/juezcalatayud\/2010\/09\/demasiadas-prohibiciones-contra-el-tabaquismo\/","title":{"rendered":"Demasiadas prohibiciones contra el tabaquismo"},"content":{"rendered":"<p>Buenas, soy Emilio Calatayud y no hablo como fumador. El Gobierno Vasco\u00a0 quiere prohibir que se fume en los parques infantiles al aire libre para proteger a los menores. Yo creo que es demasiado. Cuanto m\u00e1s regules algo, m\u00e1s corres el riesgo de equivocarte. No se puede regular todo en esta vida. Siguiendo esa l\u00f3gica, tambi\u00e9n se deber\u00eda prohibir que los coches circulasen alrededor de un parque infantil&#8230; o que hubiera f\u00e1bricas a unos cuantos kil\u00f3metros a la redonda. Por cierto, tambi\u00e9n se deber\u00eda proteger a los viejos del tabaco&#8230; aunque igual no interesa porque as\u00ed nos ahorramos pensiones. En fin, que por querer hacer algo bueno al final vamos a acabar pas\u00e1ndonos&#8230; El proyecto del Gobierno Vasco tambi\u00e9n quiere prohibir el tabaco en los coches particulares cuando viajen menores en ellos. \u00bfNo ser\u00eda mejor educar a los padres que no lo hicieran?<\/p>\n","protected":false},"excerpt":{"rendered":"<p>Buenas, soy Emilio Calatayud y no hablo como fumador. El Gobierno Vasco\u00a0 quiere prohibir que se fume en los parques infantiles al aire libre para proteger a los menores. Yo creo que es demasiado. Cuanto m\u00e1s regules algo, m\u00e1s corres el riesgo de equivocarte. No se puede regular todo en esta vida. Siguiendo esa l\u00f3gica, [&hellip;]<\/p>\n","protected":false},"author":2,"featured_media":0,"comment_status":"open","ping_status":"open","sticky":false,"template":"","format":"standard","meta":{"jetpack_post_was_ever_published":false,"_jetpack_newsletter_access":"","_jetpack_dont_email_post_to_subs":false,"_jetpack_newsletter_tier_id":0,"_jetpack_memberships_contains_paywalled_content":false,"_jetpack_memberships_contains_paid_content":false,"footnotes":""},"categories":[1],"tags":[],"class_list":["post-734","post","type-post","status-publish","format-standard","hentry","category-blog"],"jetpack_featured_media_url":"","jetpack_shortlink":"https:\/\/wp.me\/p5fzW5-bQ","jetpack-related-posts":[],"jetpack_sharing_enabled":true,"_links":{"self":[{"href":"https:\/\/www.granadablogs.com\/juezcalatayud\/wp-json\/wp\/v2\/posts\/734","targetHints":{"allow":["GET"]}}],"collection":[{"href":"https:\/\/www.granadablogs.com\/juezcalatayud\/wp-json\/wp\/v2\/posts"}],"about":[{"href":"https:\/\/www.granadablogs.com\/juezcalatayud\/wp-json\/wp\/v2\/types\/post"}],"author":[{"embeddable":true,"href":"https:\/\/www.granadablogs.com\/juezcalatayud\/wp-json\/wp\/v2\/users\/2"}],"replies":[{"embeddable":true,"href":"https:\/\/www.granadablogs.com\/juezcalatayud\/wp-json\/wp\/v2\/comments?post=734"}],"version-history":[{"count":2,"href":"https:\/\/www.granadablogs.com\/juezcalatayud\/wp-json\/wp\/v2\/posts\/734\/revisions"}],"predecessor-version":[{"id":736,"href":"https:\/\/www.granadablogs.com\/juezcalatayud\/wp-json\/wp\/v2\/posts\/734\/revisions\/736"}],"wp:attachment":[{"href":"https:\/\/www.granadablogs.com\/juezcalatayud\/wp-json\/wp\/v2\/media?parent=734"}],"wp:term":[{"taxonomy":"category","embeddable":true,"href":"https:\/\/www.granadablogs.com\/juezcalatayud\/wp-json\/wp\/v2\/categories?post=734"},{"taxonomy":"post_tag","embeddable":true,"href":"https:\/\/www.granadablogs.com\/juezcalatayud\/wp-json\/wp\/v2\/tags?post=734"}],"curies":[{"name":"wp","href":"https:\/\/api.w.org\/{rel}","templated":true}]}}