{"id":7289,"date":"2017-12-08T19:46:19","date_gmt":"2017-12-08T17:46:19","guid":{"rendered":"http:\/\/www.granadablogs.com\/juezcalatayud\/?p=7289"},"modified":"2017-12-08T19:46:19","modified_gmt":"2017-12-08T17:46:19","slug":"feliz-dia-de-la-inmaculada-disfrutadlo-que-igual-nos-hacen-laicos-y-lo-quitan","status":"publish","type":"post","link":"https:\/\/www.granadablogs.com\/juezcalatayud\/2017\/12\/feliz-dia-de-la-inmaculada-disfrutadlo-que-igual-nos-hacen-laicos-y-lo-quitan\/","title":{"rendered":"Feliz d\u00eda de la Inmaculada (Disfrutadlo, que igual nos hacen laicos y lo quitan)"},"content":{"rendered":"<p>&nbsp;<\/p>\n<p>&nbsp;<\/p>\n<p><img loading=\"lazy\" decoding=\"async\" class=\"aligncenter size-thumbnail wp-image-7293\" src=\"http:\/\/www.granadablogs.com\/juezcalatayud\/wp-content\/uploads\/2017\/12\/Reyes-Magos-150x150.jpg\" alt=\"\" width=\"150\" height=\"150\" \/>Buenas, soy Emilio Calatayud. Feliz d\u00eda de la Inmaculada. Y Gracias a todos los que hab\u00e9is elegido Granada para pasar el puente, que sois muchos. Pues nada, disfrutad de este festivo de origen claramente religioso, porque igual nos convertimos en un estado laico y lo suprimen. Quiz\u00e1 este sea el \u00faltimo d\u00eda de la Inmaculada. Luego igual\u00a0declaramos fiesta nacional el d\u00eda del nacimiento de alg\u00fan pol\u00edtico ateo.<\/p>\n<p>\u00bfQu\u00e9 pasar\u00e1 con las fiestas de San Ferm\u00edn cuando seamos laicos? \u00bfY con las del Pilar? \u00bfY con\u00a0las del\u00a0Corpus? \u00bfY con la Navidad? \u00bfY con los Reyes Magos? \u00bfY con la Semana Santa? Si somos consecuentes, habr\u00eda que suprimirlas. Igual hasta nos hac\u00edamos un favor, porque las fiestas religiosas se han convertido ya\u00a0en botellones institucionalizados.<\/p>\n<p>Que pas\u00e9is un buen fin de semana.<\/p>\n","protected":false},"excerpt":{"rendered":"<p>&nbsp; &nbsp; Buenas, soy Emilio Calatayud. Feliz d\u00eda de la Inmaculada. Y Gracias a todos los que hab\u00e9is elegido Granada para pasar el puente, que sois muchos. Pues nada, disfrutad de este festivo de origen claramente religioso, porque igual nos convertimos en un estado laico y lo suprimen. Quiz\u00e1 este sea el \u00faltimo d\u00eda de [&hellip;]<\/p>\n","protected":false},"author":2,"featured_media":0,"comment_status":"open","ping_status":"open","sticky":false,"template":"","format":"standard","meta":{"jetpack_post_was_ever_published":false,"_jetpack_newsletter_access":"","_jetpack_dont_email_post_to_subs":false,"_jetpack_newsletter_tier_id":0,"_jetpack_memberships_contains_paywalled_content":false,"_jetpack_memberships_contains_paid_content":false,"footnotes":""},"categories":[1],"tags":[598,1939],"class_list":["post-7289","post","type-post","status-publish","format-standard","hentry","category-blog","tag-fiesta","tag-inmaculada"],"jetpack_featured_media_url":"","jetpack_shortlink":"https:\/\/wp.me\/p5fzW5-1Tz","jetpack-related-posts":[],"jetpack_sharing_enabled":true,"_links":{"self":[{"href":"https:\/\/www.granadablogs.com\/juezcalatayud\/wp-json\/wp\/v2\/posts\/7289","targetHints":{"allow":["GET"]}}],"collection":[{"href":"https:\/\/www.granadablogs.com\/juezcalatayud\/wp-json\/wp\/v2\/posts"}],"about":[{"href":"https:\/\/www.granadablogs.com\/juezcalatayud\/wp-json\/wp\/v2\/types\/post"}],"author":[{"embeddable":true,"href":"https:\/\/www.granadablogs.com\/juezcalatayud\/wp-json\/wp\/v2\/users\/2"}],"replies":[{"embeddable":true,"href":"https:\/\/www.granadablogs.com\/juezcalatayud\/wp-json\/wp\/v2\/comments?post=7289"}],"version-history":[{"count":4,"href":"https:\/\/www.granadablogs.com\/juezcalatayud\/wp-json\/wp\/v2\/posts\/7289\/revisions"}],"predecessor-version":[{"id":7294,"href":"https:\/\/www.granadablogs.com\/juezcalatayud\/wp-json\/wp\/v2\/posts\/7289\/revisions\/7294"}],"wp:attachment":[{"href":"https:\/\/www.granadablogs.com\/juezcalatayud\/wp-json\/wp\/v2\/media?parent=7289"}],"wp:term":[{"taxonomy":"category","embeddable":true,"href":"https:\/\/www.granadablogs.com\/juezcalatayud\/wp-json\/wp\/v2\/categories?post=7289"},{"taxonomy":"post_tag","embeddable":true,"href":"https:\/\/www.granadablogs.com\/juezcalatayud\/wp-json\/wp\/v2\/tags?post=7289"}],"curies":[{"name":"wp","href":"https:\/\/api.w.org\/{rel}","templated":true}]}}