{"id":728,"date":"2010-09-04T16:40:16","date_gmt":"2010-09-04T15:40:16","guid":{"rendered":"http:\/\/www.granadablogs.com\/juezcalatayud\/?p=728"},"modified":"2010-09-04T16:40:16","modified_gmt":"2010-09-04T15:40:16","slug":"el-maltrato-de-hijos-a-padres-suma-y-sigue","status":"publish","type":"post","link":"https:\/\/www.granadablogs.com\/juezcalatayud\/2010\/09\/el-maltrato-de-hijos-a-padres-suma-y-sigue\/","title":{"rendered":"El maltrato de hijos a padres, suma y sigue"},"content":{"rendered":"<p>Buenas, soy Emilio Calatayud. Vuelvo a llamar la atenci\u00f3n sobre un problema que se repite: las agresiones, f\u00edsicas y\/o ps\u00edquicas, de los hijos a los padres. S\u00f3lo en este verano hemos tenido m\u00e1s de una decena de casos, que son muchos casos. Me pregunta Carlos Mor\u00e1n si tendr\u00e1 que ver con el hecho de que, por las vacaciones, los padres y los hijos tienen que estar m\u00e1s tiempo juntos y eso genera m\u00e1s tensiones. La verdad es que no lo s\u00e9. Puede que tenga algo que ver. Lo que est\u00e1 claro es que no estamos equivocando en algo, porque esto no para. Los agresores son tanto ni\u00f1os como ni\u00f1as y de todas las clases sociales, aunque predominan las familias de tipo medio, sin ning\u00fan problema de marginalidad ni nada por el estilo.<\/p>\n<p>Un saludo.<\/p>\n","protected":false},"excerpt":{"rendered":"<p>Buenas, soy Emilio Calatayud. Vuelvo a llamar la atenci\u00f3n sobre un problema que se repite: las agresiones, f\u00edsicas y\/o ps\u00edquicas, de los hijos a los padres. S\u00f3lo en este verano hemos tenido m\u00e1s de una decena de casos, que son muchos casos. Me pregunta Carlos Mor\u00e1n si tendr\u00e1 que ver con el hecho de que, [&hellip;]<\/p>\n","protected":false},"author":2,"featured_media":0,"comment_status":"open","ping_status":"open","sticky":false,"template":"","format":"standard","meta":{"jetpack_post_was_ever_published":false,"_jetpack_newsletter_access":"","_jetpack_dont_email_post_to_subs":false,"_jetpack_newsletter_tier_id":0,"_jetpack_memberships_contains_paywalled_content":false,"_jetpack_memberships_contains_paid_content":false,"footnotes":""},"categories":[1],"tags":[],"class_list":["post-728","post","type-post","status-publish","format-standard","hentry","category-blog"],"jetpack_featured_media_url":"","jetpack_shortlink":"https:\/\/wp.me\/p5fzW5-bK","jetpack-related-posts":[],"jetpack_sharing_enabled":true,"_links":{"self":[{"href":"https:\/\/www.granadablogs.com\/juezcalatayud\/wp-json\/wp\/v2\/posts\/728","targetHints":{"allow":["GET"]}}],"collection":[{"href":"https:\/\/www.granadablogs.com\/juezcalatayud\/wp-json\/wp\/v2\/posts"}],"about":[{"href":"https:\/\/www.granadablogs.com\/juezcalatayud\/wp-json\/wp\/v2\/types\/post"}],"author":[{"embeddable":true,"href":"https:\/\/www.granadablogs.com\/juezcalatayud\/wp-json\/wp\/v2\/users\/2"}],"replies":[{"embeddable":true,"href":"https:\/\/www.granadablogs.com\/juezcalatayud\/wp-json\/wp\/v2\/comments?post=728"}],"version-history":[{"count":2,"href":"https:\/\/www.granadablogs.com\/juezcalatayud\/wp-json\/wp\/v2\/posts\/728\/revisions"}],"predecessor-version":[{"id":730,"href":"https:\/\/www.granadablogs.com\/juezcalatayud\/wp-json\/wp\/v2\/posts\/728\/revisions\/730"}],"wp:attachment":[{"href":"https:\/\/www.granadablogs.com\/juezcalatayud\/wp-json\/wp\/v2\/media?parent=728"}],"wp:term":[{"taxonomy":"category","embeddable":true,"href":"https:\/\/www.granadablogs.com\/juezcalatayud\/wp-json\/wp\/v2\/categories?post=728"},{"taxonomy":"post_tag","embeddable":true,"href":"https:\/\/www.granadablogs.com\/juezcalatayud\/wp-json\/wp\/v2\/tags?post=728"}],"curies":[{"name":"wp","href":"https:\/\/api.w.org\/{rel}","templated":true}]}}