{"id":7257,"date":"2017-12-04T21:50:49","date_gmt":"2017-12-04T19:50:49","guid":{"rendered":"http:\/\/www.granadablogs.com\/juezcalatayud\/?p=7257"},"modified":"2017-12-04T21:50:49","modified_gmt":"2017-12-04T19:50:49","slug":"un-juez-de-corea-del-sur-nos-cuenta-que-en-su-pais-los-hijos-no-maltratan-a-los-padres-alli-los-ninos-nacen-con-el-gen-del-respeto","status":"publish","type":"post","link":"https:\/\/www.granadablogs.com\/juezcalatayud\/2017\/12\/un-juez-de-corea-del-sur-nos-cuenta-que-en-su-pais-los-hijos-no-maltratan-a-los-padres-alli-los-ninos-nacen-con-el-gen-del-respeto\/","title":{"rendered":"Un juez de Corea del Sur nos cuenta que en su pa\u00eds los hijos no maltratan a los padres: all\u00ed, los ni\u00f1os nacen con el gen del respeto"},"content":{"rendered":"<p>&nbsp;<\/p>\n<p>&nbsp;<\/p>\n<p><img loading=\"lazy\" decoding=\"async\" class=\"aligncenter size-thumbnail wp-image-7262\" src=\"http:\/\/www.granadablogs.com\/juezcalatayud\/wp-content\/uploads\/2017\/12\/Corea-del-Sur-150x150.jpg\" alt=\"\" width=\"150\" height=\"150\" \/><\/p>\n<p>Buenas, soy Emilio Calatayud. El otro d\u00eda nos visit\u00f3 un juez de Menores de Corea del Sur. Mi compa\u00f1ero, Francisco Maldonado, titular del Juzgado de Menores 2 de Granada, hizo de anfitri\u00f3n. Fue muy interesante. Por ejemplo, nos cont\u00f3 que en su pa\u00eds los hijos no maltratan a los padres, que es un delito que, a diferencia de lo que ocurre en Espa\u00f1a, pr\u00e1cticamente no conocen. La explicaci\u00f3n est\u00e1 en su cultura. Los orientales son muy respetuosos con sus mayores. All\u00ed, los ni\u00f1os nacen con el gen del respeto.<\/p>\n<p>En cambio, y dado que es una potencia econ\u00f3mica que est\u00e1 a la \u00faltima en las nuevas tecnolog\u00edas, tienen un problema gordo con el acoso a trav\u00e9s de los m\u00f3viles. Es que all\u00ed, si no tienes un m\u00f3vil de \u00faltima generaci\u00f3n eres casi un marginado.<\/p>\n<p>Nosotros tenemos los dos problemas. As\u00ed que ya ganamos en algo a Corea del Sur.<\/p>\n","protected":false},"excerpt":{"rendered":"<p>&nbsp; &nbsp; Buenas, soy Emilio Calatayud. El otro d\u00eda nos visit\u00f3 un juez de Menores de Corea del Sur. Mi compa\u00f1ero, Francisco Maldonado, titular del Juzgado de Menores 2 de Granada, hizo de anfitri\u00f3n. Fue muy interesante. Por ejemplo, nos cont\u00f3 que en su pa\u00eds los hijos no maltratan a los padres, que es un [&hellip;]<\/p>\n","protected":false},"author":2,"featured_media":0,"comment_status":"open","ping_status":"open","sticky":false,"template":"","format":"standard","meta":{"jetpack_post_was_ever_published":false,"_jetpack_newsletter_access":"","_jetpack_dont_email_post_to_subs":false,"_jetpack_newsletter_tier_id":0,"_jetpack_memberships_contains_paywalled_content":false,"_jetpack_memberships_contains_paid_content":false,"footnotes":""},"categories":[1],"tags":[1936,522,5],"class_list":["post-7257","post","type-post","status-publish","format-standard","hentry","category-blog","tag-corea-del-sur","tag-juez","tag-menores"],"jetpack_featured_media_url":"","jetpack_shortlink":"https:\/\/wp.me\/p5fzW5-1T3","jetpack-related-posts":[],"jetpack_sharing_enabled":true,"_links":{"self":[{"href":"https:\/\/www.granadablogs.com\/juezcalatayud\/wp-json\/wp\/v2\/posts\/7257","targetHints":{"allow":["GET"]}}],"collection":[{"href":"https:\/\/www.granadablogs.com\/juezcalatayud\/wp-json\/wp\/v2\/posts"}],"about":[{"href":"https:\/\/www.granadablogs.com\/juezcalatayud\/wp-json\/wp\/v2\/types\/post"}],"author":[{"embeddable":true,"href":"https:\/\/www.granadablogs.com\/juezcalatayud\/wp-json\/wp\/v2\/users\/2"}],"replies":[{"embeddable":true,"href":"https:\/\/www.granadablogs.com\/juezcalatayud\/wp-json\/wp\/v2\/comments?post=7257"}],"version-history":[{"count":5,"href":"https:\/\/www.granadablogs.com\/juezcalatayud\/wp-json\/wp\/v2\/posts\/7257\/revisions"}],"predecessor-version":[{"id":7263,"href":"https:\/\/www.granadablogs.com\/juezcalatayud\/wp-json\/wp\/v2\/posts\/7257\/revisions\/7263"}],"wp:attachment":[{"href":"https:\/\/www.granadablogs.com\/juezcalatayud\/wp-json\/wp\/v2\/media?parent=7257"}],"wp:term":[{"taxonomy":"category","embeddable":true,"href":"https:\/\/www.granadablogs.com\/juezcalatayud\/wp-json\/wp\/v2\/categories?post=7257"},{"taxonomy":"post_tag","embeddable":true,"href":"https:\/\/www.granadablogs.com\/juezcalatayud\/wp-json\/wp\/v2\/tags?post=7257"}],"curies":[{"name":"wp","href":"https:\/\/api.w.org\/{rel}","templated":true}]}}