{"id":724,"date":"2010-08-24T20:42:26","date_gmt":"2010-08-24T19:42:26","guid":{"rendered":"http:\/\/www.granadablogs.com\/juezcalatayud\/?p=724"},"modified":"2010-08-24T20:44:16","modified_gmt":"2010-08-24T19:44:16","slug":"el-rafita-otra-vez-y-van","status":"publish","type":"post","link":"https:\/\/www.granadablogs.com\/juezcalatayud\/2010\/08\/el-rafita-otra-vez-y-van\/","title":{"rendered":"&#8216;El Rafita&#8217;, otra vez&#8230; y van"},"content":{"rendered":"<p>La Polic\u00eda Municipal de Alcorc\u00f3n ha detenido hoy a Rafael Fern\u00e1ndez Garc\u00eda, alias &#8216;El Rafita&#8217;, tras una persecuci\u00f3n por un pol\u00edgono de esta localidad en el que el joven condenado por el asesinato de Sandra Palo ha robado presuntamente una furgoneta con la que ha tratado de huir de los agentes.<br \/>\n&#8216;El Rafita&#8217;, de 22 a\u00f1os, cumpli\u00f3 el pasado 25 de junio la pena de cuatro a\u00f1os de internamiento y tres de libertad vigilada que le fue impuesta por el asesinato de la joven Sandra Palo en 2003, quedando as\u00ed libre sin historial delictivo. Sandra Palo fue violada, atropellada y quemada viva.<br \/>\nPrimero se hizo cargo de su tutela la Comunidad de Madrid, hasta que el pasado 27 de enero el Gobierno regional lleg\u00f3 a un acuerdo con Instituciones Penitenciarias por el que Prisiones se hizo cargo del control de su pena de libertad vigilada, hasta que qued\u00f3 en libertad. Desde que qued\u00f3 en libertad vigilada este joven de 22 a\u00f1os ha sido arrestado en al menos cuatro ocasiones por robar o intentarlo. <\/p>\n<p>Toda la informaci\u00f3n en www.ideal.es<\/p>\n","protected":false},"excerpt":{"rendered":"<p>La Polic\u00eda Municipal de Alcorc\u00f3n ha detenido hoy a Rafael Fern\u00e1ndez Garc\u00eda, alias &#8216;El Rafita&#8217;, tras una persecuci\u00f3n por un pol\u00edgono de esta localidad en el que el joven condenado por el asesinato de Sandra Palo ha robado presuntamente una furgoneta con la que ha tratado de huir de los agentes. &#8216;El Rafita&#8217;, de 22 [&hellip;]<\/p>\n","protected":false},"author":3,"featured_media":0,"comment_status":"open","ping_status":"open","sticky":false,"template":"","format":"standard","meta":{"jetpack_post_was_ever_published":false,"_jetpack_newsletter_access":"","_jetpack_dont_email_post_to_subs":false,"_jetpack_newsletter_tier_id":0,"_jetpack_memberships_contains_paywalled_content":false,"_jetpack_memberships_contains_paid_content":false,"footnotes":""},"categories":[1],"tags":[],"class_list":["post-724","post","type-post","status-publish","format-standard","hentry","category-blog"],"jetpack_featured_media_url":"","jetpack_shortlink":"https:\/\/wp.me\/p5fzW5-bG","jetpack-related-posts":[],"jetpack_sharing_enabled":true,"_links":{"self":[{"href":"https:\/\/www.granadablogs.com\/juezcalatayud\/wp-json\/wp\/v2\/posts\/724","targetHints":{"allow":["GET"]}}],"collection":[{"href":"https:\/\/www.granadablogs.com\/juezcalatayud\/wp-json\/wp\/v2\/posts"}],"about":[{"href":"https:\/\/www.granadablogs.com\/juezcalatayud\/wp-json\/wp\/v2\/types\/post"}],"author":[{"embeddable":true,"href":"https:\/\/www.granadablogs.com\/juezcalatayud\/wp-json\/wp\/v2\/users\/3"}],"replies":[{"embeddable":true,"href":"https:\/\/www.granadablogs.com\/juezcalatayud\/wp-json\/wp\/v2\/comments?post=724"}],"version-history":[{"count":2,"href":"https:\/\/www.granadablogs.com\/juezcalatayud\/wp-json\/wp\/v2\/posts\/724\/revisions"}],"predecessor-version":[{"id":726,"href":"https:\/\/www.granadablogs.com\/juezcalatayud\/wp-json\/wp\/v2\/posts\/724\/revisions\/726"}],"wp:attachment":[{"href":"https:\/\/www.granadablogs.com\/juezcalatayud\/wp-json\/wp\/v2\/media?parent=724"}],"wp:term":[{"taxonomy":"category","embeddable":true,"href":"https:\/\/www.granadablogs.com\/juezcalatayud\/wp-json\/wp\/v2\/categories?post=724"},{"taxonomy":"post_tag","embeddable":true,"href":"https:\/\/www.granadablogs.com\/juezcalatayud\/wp-json\/wp\/v2\/tags?post=724"}],"curies":[{"name":"wp","href":"https:\/\/api.w.org\/{rel}","templated":true}]}}