{"id":7215,"date":"2017-11-27T21:54:19","date_gmt":"2017-11-27T19:54:19","guid":{"rendered":"http:\/\/www.granadablogs.com\/juezcalatayud\/?p=7215"},"modified":"2017-11-27T21:54:19","modified_gmt":"2017-11-27T19:54:19","slug":"aunque-cada-vez-es-una-profesion-mas-dificil-felicito-a-los-maestrs-en-su-dia-seguire-condenando-a-leer-y-escribir-para-ayudaros","status":"publish","type":"post","link":"https:\/\/www.granadablogs.com\/juezcalatayud\/2017\/11\/aunque-cada-vez-es-una-profesion-mas-dificil-felicito-a-los-maestrs-en-su-dia-seguire-condenando-a-leer-y-escribir-para-ayudaros\/","title":{"rendered":"Aunque cada vez es una profesi\u00f3n m\u00e1s dif\u00edcil, felicito a los maestr@s en su d\u00eda: seguir\u00e9 condenando a leer y escribir para ayudaros"},"content":{"rendered":"<p>&nbsp;<\/p>\n<p>&nbsp;<\/p>\n<p>&nbsp;<\/p>\n<p><img loading=\"lazy\" decoding=\"async\" class=\"size-thumbnail wp-image-7216\" src=\"http:\/\/www.granadablogs.com\/juezcalatayud\/wp-content\/uploads\/2017\/11\/Escuela-150x150.jpg\" alt=\"\" width=\"150\" height=\"150\" \/><\/p>\n<p>Buenas, soy Emilio Calatayud. Hoy, 27 de noviembre, Espa\u00f1a celebra el D\u00eda de los Maestr@s, una profesi\u00f3n que cada vez se est\u00e1 poniendo m\u00e1s dif\u00edcil. Y os le dice un nieto, hijo y sobrino de\u00a0maestr@s. Como digo siempre, os admiro y os respeto profundamente porque llev\u00e1is a cabo un labor imprescindible para hacer una sociedad mejor. Eso s\u00ed, nos envidio, porque yo tengo a la Guardia Civil y a la Polic\u00eda Nacional para hacer cumplir mis decisiones y vosotros, demasiadas veces, est\u00e1is solos.<\/p>\n<p>Por mi parte, seguir\u00e9 condenando a ni\u00f1os a leer y escribir para ayudaros. Gracias.<\/p>\n","protected":false},"excerpt":{"rendered":"<p>&nbsp; &nbsp; &nbsp; Buenas, soy Emilio Calatayud. Hoy, 27 de noviembre, Espa\u00f1a celebra el D\u00eda de los Maestr@s, una profesi\u00f3n que cada vez se est\u00e1 poniendo m\u00e1s dif\u00edcil. Y os le dice un nieto, hijo y sobrino de\u00a0maestr@s. Como digo siempre, os admiro y os respeto profundamente porque llev\u00e1is a cabo un labor imprescindible para [&hellip;]<\/p>\n","protected":false},"author":2,"featured_media":0,"comment_status":"open","ping_status":"open","sticky":false,"template":"","format":"standard","meta":{"jetpack_post_was_ever_published":false,"_jetpack_newsletter_access":"","_jetpack_dont_email_post_to_subs":false,"_jetpack_newsletter_tier_id":0,"_jetpack_memberships_contains_paywalled_content":false,"_jetpack_memberships_contains_paid_content":false,"footnotes":""},"categories":[1],"tags":[1282,624,81],"class_list":["post-7215","post","type-post","status-publish","format-standard","hentry","category-blog","tag-de-los","tag-dia","tag-maestros"],"jetpack_featured_media_url":"","jetpack_shortlink":"https:\/\/wp.me\/p5fzW5-1Sn","jetpack-related-posts":[],"jetpack_sharing_enabled":true,"_links":{"self":[{"href":"https:\/\/www.granadablogs.com\/juezcalatayud\/wp-json\/wp\/v2\/posts\/7215","targetHints":{"allow":["GET"]}}],"collection":[{"href":"https:\/\/www.granadablogs.com\/juezcalatayud\/wp-json\/wp\/v2\/posts"}],"about":[{"href":"https:\/\/www.granadablogs.com\/juezcalatayud\/wp-json\/wp\/v2\/types\/post"}],"author":[{"embeddable":true,"href":"https:\/\/www.granadablogs.com\/juezcalatayud\/wp-json\/wp\/v2\/users\/2"}],"replies":[{"embeddable":true,"href":"https:\/\/www.granadablogs.com\/juezcalatayud\/wp-json\/wp\/v2\/comments?post=7215"}],"version-history":[{"count":2,"href":"https:\/\/www.granadablogs.com\/juezcalatayud\/wp-json\/wp\/v2\/posts\/7215\/revisions"}],"predecessor-version":[{"id":7218,"href":"https:\/\/www.granadablogs.com\/juezcalatayud\/wp-json\/wp\/v2\/posts\/7215\/revisions\/7218"}],"wp:attachment":[{"href":"https:\/\/www.granadablogs.com\/juezcalatayud\/wp-json\/wp\/v2\/media?parent=7215"}],"wp:term":[{"taxonomy":"category","embeddable":true,"href":"https:\/\/www.granadablogs.com\/juezcalatayud\/wp-json\/wp\/v2\/categories?post=7215"},{"taxonomy":"post_tag","embeddable":true,"href":"https:\/\/www.granadablogs.com\/juezcalatayud\/wp-json\/wp\/v2\/tags?post=7215"}],"curies":[{"name":"wp","href":"https:\/\/api.w.org\/{rel}","templated":true}]}}