{"id":711,"date":"2010-08-02T18:01:54","date_gmt":"2010-08-02T17:01:54","guid":{"rendered":"http:\/\/www.granadablogs.com\/juezcalatayud\/?p=711"},"modified":"2010-08-02T18:01:54","modified_gmt":"2010-08-02T17:01:54","slug":"condenado-por-ocho-asaltos-a-punta-de-navaja-un-nino-de-solo-14-anos","status":"publish","type":"post","link":"https:\/\/www.granadablogs.com\/juezcalatayud\/2010\/08\/condenado-por-ocho-asaltos-a-punta-de-navaja-un-nino-de-solo-14-anos\/","title":{"rendered":"Condenado por ocho asaltos a punta de navaja un ni\u00f1o de solo 14 a\u00f1os"},"content":{"rendered":"<p>El ni\u00f1o se pas\u00f3 la ma\u00f1ana sent\u00e1ndose y levant\u00e1ndose del banquillo de los acusados del tribunal de Menores n\u00famero uno de Granada. Ocho veces en total&#8230; y otras tantas condenas. El resultado de toda esa \u00abgimnasia judicial\u00bb: ocho a\u00f1os de internamiento en un correccional (y parece que la cosa no se quedar\u00e1 ah\u00ed, porque en \u00abMenores dos\u00bb le esperan varios expedientes m\u00e1s).<br \/>\nEs un castigo muy severo, pero es que el muchacho se lo gan\u00f3 a pulso. Durante los meses de octubre y noviembre de 2009, se convirti\u00f3 en una pesadilla para los adolescentes que frecuentaban el parque Federico Garc\u00eda Lorca de la capital granadina. Con s\u00f3lo 14 a\u00f1os y acompa\u00f1ado de un joven mayor de edad, perpetr\u00f3 una oleada de asaltos a punta de navaja que gener\u00f3 una notable \u00abalarma social\u00bb, tal y como reconoci\u00f3 la propia Polic\u00eda Nacional. \u00abDame todo lo que teng\u00e1is si no quer\u00e9is que os raje\u00bb, era la amenaza que figuraba en el inicio de cada drama.<br \/>\nLa persistente \u00abcampa\u00f1a de robos\u00bb oblig\u00f3 al Grupo de Menores del Cuerpo Nacional de Polic\u00eda a establecer una dispositivo especial de vigilancia para intentar detener a los sospechosos. La \u00abemboscada\u00bb funcion\u00f3. Agentes de paisano interceptaron a los dos \u00abatracadores\u00bb callejeros en el propio parque Lorca, que a estas alturas se hab\u00eda convertido ya en su \u00abh\u00e1bitat natural\u00bb.<br \/>\nEl menor y su compinche no fueron cogidos con las manos en la masa. Al parecer, la activa pareja de cacos reconoci\u00f3 a los funcionarios camuflados y se limit\u00f3 a sentarse en un banco para disimular.<br \/>\nSi ese d\u00eda ten\u00edan un plan, que parece que s\u00ed, lo dejaron correr al percatarse de que la Polic\u00eda les pisaba los talones. No les sirvi\u00f3 de nada fingir que aquello no iba con ellos. Los investigadores dispon\u00edan de numerosos testimonios incriminatorios contra ellos. Varias v\u00edctimas acabar\u00edan por identificarlos sin ning\u00fan g\u00e9nero de dudas. Su suerte se hab\u00eda acabado.<br \/>\nEn este sentido, el menor termin\u00f3 por admitir su participaci\u00f3n en una espectacular -por lo amplia- relaci\u00f3n de asaltos. Cuando llegaron los juicios -lo que ocurri\u00f3 hace unos d\u00edas-, no se desdijo y reiter\u00f3 su confesi\u00f3n: \u00e9l era el autor de ocho asaltos.<br \/>\nLa lista es la siguiente: d\u00eda 10 de octubre de 2009: bot\u00edn, 77 euros -las cantidades siempre son el resultado de la suma de dinero en met\u00e1lico y del valor de los tel\u00e9fonos m\u00f3viles que sustra\u00edan-; 17 de octubre, 447 euros; 21 de octubre, 323 euros; 22 de octubre, 140 euros; 14 de noviembre, 119 euros; 16 de noviembre, 60 euros; 20 de noviembre, 64 euros; y 24 de noviembre, 342 euros. Este \u00faltimo robo tuvo lugar en la calle Tete Montoli\u00fa -cerca de la Estaci\u00f3n de Autobuses de la capital- y no en el parque Lorca: se ve que los cacos present\u00edan que su insistencia en exprimir ese lugar podr\u00eda acabar siendo su perdici\u00f3n y \u00abtrasladaron\u00bb el \u00abnegocio\u00bb a otro zona de la ciudad. No se equivocaban. En cuanto decidieron volver por donde sol\u00eda, fueron detenidos.<br \/>\nEn total, la pesadilla del parque Lorca logr\u00f3 un beneficio il\u00edcito de casi 1.500 euros.<\/p>\n<p>(La noticia ha aparecido hoy en IDEAL de papel e www.ideal.es)<\/p>\n","protected":false},"excerpt":{"rendered":"<p>El ni\u00f1o se pas\u00f3 la ma\u00f1ana sent\u00e1ndose y levant\u00e1ndose del banquillo de los acusados del tribunal de Menores n\u00famero uno de Granada. Ocho veces en total&#8230; y otras tantas condenas. El resultado de toda esa \u00abgimnasia judicial\u00bb: ocho a\u00f1os de internamiento en un correccional (y parece que la cosa no se quedar\u00e1 ah\u00ed, porque en [&hellip;]<\/p>\n","protected":false},"author":3,"featured_media":0,"comment_status":"open","ping_status":"open","sticky":false,"template":"","format":"standard","meta":{"jetpack_post_was_ever_published":false,"_jetpack_newsletter_access":"","_jetpack_dont_email_post_to_subs":false,"_jetpack_newsletter_tier_id":0,"_jetpack_memberships_contains_paywalled_content":false,"_jetpack_memberships_contains_paid_content":false,"footnotes":""},"categories":[1],"tags":[],"class_list":["post-711","post","type-post","status-publish","format-standard","hentry","category-blog"],"jetpack_featured_media_url":"","jetpack_shortlink":"https:\/\/wp.me\/p5fzW5-bt","jetpack-related-posts":[],"jetpack_sharing_enabled":true,"_links":{"self":[{"href":"https:\/\/www.granadablogs.com\/juezcalatayud\/wp-json\/wp\/v2\/posts\/711","targetHints":{"allow":["GET"]}}],"collection":[{"href":"https:\/\/www.granadablogs.com\/juezcalatayud\/wp-json\/wp\/v2\/posts"}],"about":[{"href":"https:\/\/www.granadablogs.com\/juezcalatayud\/wp-json\/wp\/v2\/types\/post"}],"author":[{"embeddable":true,"href":"https:\/\/www.granadablogs.com\/juezcalatayud\/wp-json\/wp\/v2\/users\/3"}],"replies":[{"embeddable":true,"href":"https:\/\/www.granadablogs.com\/juezcalatayud\/wp-json\/wp\/v2\/comments?post=711"}],"version-history":[{"count":1,"href":"https:\/\/www.granadablogs.com\/juezcalatayud\/wp-json\/wp\/v2\/posts\/711\/revisions"}],"predecessor-version":[{"id":712,"href":"https:\/\/www.granadablogs.com\/juezcalatayud\/wp-json\/wp\/v2\/posts\/711\/revisions\/712"}],"wp:attachment":[{"href":"https:\/\/www.granadablogs.com\/juezcalatayud\/wp-json\/wp\/v2\/media?parent=711"}],"wp:term":[{"taxonomy":"category","embeddable":true,"href":"https:\/\/www.granadablogs.com\/juezcalatayud\/wp-json\/wp\/v2\/categories?post=711"},{"taxonomy":"post_tag","embeddable":true,"href":"https:\/\/www.granadablogs.com\/juezcalatayud\/wp-json\/wp\/v2\/tags?post=711"}],"curies":[{"name":"wp","href":"https:\/\/api.w.org\/{rel}","templated":true}]}}