{"id":704,"date":"2010-07-27T17:17:06","date_gmt":"2010-07-27T16:17:06","guid":{"rendered":"http:\/\/www.granadablogs.com\/juezcalatayud\/?p=704"},"modified":"2010-07-27T17:17:06","modified_gmt":"2010-07-27T16:17:06","slug":"mas-sobre-los-menores-que-agreden-a-sus-padres","status":"publish","type":"post","link":"https:\/\/www.granadablogs.com\/juezcalatayud\/2010\/07\/mas-sobre-los-menores-que-agreden-a-sus-padres\/","title":{"rendered":"M\u00e1s sobre los menores que agreden a sus padres"},"content":{"rendered":"<p>La Fiscal\u00eda General del Estado, que dirige C\u00e1ndido Conde-Pumpido, aconseja a los fiscales no adoptar, en l\u00edneas generales, medidas preventivas de libertad para los menores que ejercen malos tratos contra sus padres. La Fiscal\u00eda del Estado recomienda a los representantes del Ministerio P\u00fablico que, ante estos casos, opten por que el menor conviva durante un tiempo con otro grupo familiar o educativo, se proceda a su libertad vigilada o se decrete el alejamiento de su familia nuclear, seg\u00fan informa la agencia Colpisa.<br \/>\nLa Fiscal\u00eda del Estado estima que los malos tratos familiares protagonizados por los menores est\u00e1n proliferando \u00faltimamente de forma que, como m\u00ednimo, \u00abcabr\u00eda calificar de preocupante\u00bb. En su mayor parte, los malos tratos son protagonizados por adolescentes varones que agreden a sus madres. Las causas de estos comportamientos violentos radican, seg\u00fan el Ministerio P\u00fablico, en &#8216;deficiencias&#8217; del proceso educativo, m\u00e1s que en otras causas habitualmente asociadas a la delincuencia juvenil, como puedan ser las relacionadas con la marginalidad.<\/p>\n<p>Estos comportamientos, se\u00f1ala el auto, suelen corresponder a la ausencia de unos patrones o reglas de conducta adecuados en el n\u00facleo familiar, \u00absin imposici\u00f3n de l\u00edmites y normas, generando carencias educativas o a una desacertada combinaci\u00f3n de estilos educativos sancionadores y permisivos, que dan lugar en ocasiones a que el menor no acepte ning\u00fan control\u00bb. El escrito subraya que no se trata de un fen\u00f3meno asociado exclusivamente a las familias desestructuradas, toda vez que no es infrecuente que el menor maltratador est\u00e9 integrado \u00aben familias con nivel econ\u00f3mico y social medio y alto\u00bb.<\/p>\n","protected":false},"excerpt":{"rendered":"<p>La Fiscal\u00eda General del Estado, que dirige C\u00e1ndido Conde-Pumpido, aconseja a los fiscales no adoptar, en l\u00edneas generales, medidas preventivas de libertad para los menores que ejercen malos tratos contra sus padres. La Fiscal\u00eda del Estado recomienda a los representantes del Ministerio P\u00fablico que, ante estos casos, opten por que el menor conviva durante un [&hellip;]<\/p>\n","protected":false},"author":3,"featured_media":0,"comment_status":"open","ping_status":"open","sticky":false,"template":"","format":"standard","meta":{"jetpack_post_was_ever_published":false,"_jetpack_newsletter_access":"","_jetpack_dont_email_post_to_subs":false,"_jetpack_newsletter_tier_id":0,"_jetpack_memberships_contains_paywalled_content":false,"_jetpack_memberships_contains_paid_content":false,"footnotes":""},"categories":[1],"tags":[],"class_list":["post-704","post","type-post","status-publish","format-standard","hentry","category-blog"],"jetpack_featured_media_url":"","jetpack_shortlink":"https:\/\/wp.me\/p5fzW5-bm","jetpack-related-posts":[],"jetpack_sharing_enabled":true,"_links":{"self":[{"href":"https:\/\/www.granadablogs.com\/juezcalatayud\/wp-json\/wp\/v2\/posts\/704","targetHints":{"allow":["GET"]}}],"collection":[{"href":"https:\/\/www.granadablogs.com\/juezcalatayud\/wp-json\/wp\/v2\/posts"}],"about":[{"href":"https:\/\/www.granadablogs.com\/juezcalatayud\/wp-json\/wp\/v2\/types\/post"}],"author":[{"embeddable":true,"href":"https:\/\/www.granadablogs.com\/juezcalatayud\/wp-json\/wp\/v2\/users\/3"}],"replies":[{"embeddable":true,"href":"https:\/\/www.granadablogs.com\/juezcalatayud\/wp-json\/wp\/v2\/comments?post=704"}],"version-history":[{"count":1,"href":"https:\/\/www.granadablogs.com\/juezcalatayud\/wp-json\/wp\/v2\/posts\/704\/revisions"}],"predecessor-version":[{"id":705,"href":"https:\/\/www.granadablogs.com\/juezcalatayud\/wp-json\/wp\/v2\/posts\/704\/revisions\/705"}],"wp:attachment":[{"href":"https:\/\/www.granadablogs.com\/juezcalatayud\/wp-json\/wp\/v2\/media?parent=704"}],"wp:term":[{"taxonomy":"category","embeddable":true,"href":"https:\/\/www.granadablogs.com\/juezcalatayud\/wp-json\/wp\/v2\/categories?post=704"},{"taxonomy":"post_tag","embeddable":true,"href":"https:\/\/www.granadablogs.com\/juezcalatayud\/wp-json\/wp\/v2\/tags?post=704"}],"curies":[{"name":"wp","href":"https:\/\/api.w.org\/{rel}","templated":true}]}}