{"id":700,"date":"2010-07-14T17:23:07","date_gmt":"2010-07-14T16:23:07","guid":{"rendered":"http:\/\/www.granadablogs.com\/juezcalatayud\/?p=700"},"modified":"2010-07-14T17:23:07","modified_gmt":"2010-07-14T16:23:07","slug":"el-perfil-del-menor-maltratador","status":"publish","type":"post","link":"https:\/\/www.granadablogs.com\/juezcalatayud\/2010\/07\/el-perfil-del-menor-maltratador\/","title":{"rendered":"El perfil del menor maltratador"},"content":{"rendered":"<p>El perfil del menor que maltrata a sus familiares es el de un var\u00f3n de 17 a\u00f1os con un nivel cultural alto y sin delitos previos, aunque los primeros indicios de conducta violenta empiezan a partir de los 12 a\u00f1os. As\u00ed lo explic\u00f3 a Efe \u00c1ngela Matallanos, psic\u00f3loga del Centro de Menores &#8216;El Laurel&#8217;, de Madrid, que hoy participa en un curso de verano de la Universidad de Almer\u00eda.<br \/>\nMatallanos apunt\u00f3 que en el 70 por ciento de los casos los menores tienen entre 16 y 17 a\u00f1os, y mayoritariamente son varones, aunque los casos de mujeres tambi\u00e9n son significativos, precis\u00f3.<\/p>\n<p>Tambi\u00e9n destac\u00f3 que hay una alta incidencia de menores adoptados acusados de delitos de maltrato intrafamiliar.<\/p>\n<p>Seg\u00fan la psic\u00f3loga, el consumo de sustancias t\u00f3xicas es ligero aunque \u00abdestaca el consumo en solitario, sobretodo en cannabis\u00bb.<\/p>\n<p>Las primeras evidencias comienzan a aparecer a los 12 \u00f3 13 a\u00f1os, coincidiendo con el inicio de la adolescencia, momento en el que empiezan a surgir \u00abs\u00edntomas llamativos\u00bb y \u00abuna escalada en el maltrato, con insultos o el incumplimiento de los l\u00edmites de los horarios\u00bb, explic\u00f3 Matallanos.<\/p>\n<p>En cuanto a los padres, suelen ser \u00abmuy autoritarios o, por el contrario, muy permisivos, e incluso mezclan ambos extremos\u00bb, por lo que se produce una \u00abincoherencia\u00bb en la educaci\u00f3n del menor.<\/p>\n<p>Los chicos sienten que \u00abno hay acompa\u00f1amiento afectivo\u00bb, que \u00abse les deja de lado\u00bb en situaciones familiares como un fallecimiento \u00abporque los padres piensan que no lo van a entender o porque creen que son muy peque\u00f1os\u00bb y esto \u00ables hace sentir muy solos\u00bb.<\/p>\n","protected":false},"excerpt":{"rendered":"<p>El perfil del menor que maltrata a sus familiares es el de un var\u00f3n de 17 a\u00f1os con un nivel cultural alto y sin delitos previos, aunque los primeros indicios de conducta violenta empiezan a partir de los 12 a\u00f1os. As\u00ed lo explic\u00f3 a Efe \u00c1ngela Matallanos, psic\u00f3loga del Centro de Menores &#8216;El Laurel&#8217;, de [&hellip;]<\/p>\n","protected":false},"author":3,"featured_media":0,"comment_status":"open","ping_status":"open","sticky":false,"template":"","format":"standard","meta":{"jetpack_post_was_ever_published":false,"_jetpack_newsletter_access":"","_jetpack_dont_email_post_to_subs":false,"_jetpack_newsletter_tier_id":0,"_jetpack_memberships_contains_paywalled_content":false,"_jetpack_memberships_contains_paid_content":false,"footnotes":""},"categories":[1],"tags":[],"class_list":["post-700","post","type-post","status-publish","format-standard","hentry","category-blog"],"jetpack_featured_media_url":"","jetpack_shortlink":"https:\/\/wp.me\/p5fzW5-bi","jetpack-related-posts":[],"jetpack_sharing_enabled":true,"_links":{"self":[{"href":"https:\/\/www.granadablogs.com\/juezcalatayud\/wp-json\/wp\/v2\/posts\/700","targetHints":{"allow":["GET"]}}],"collection":[{"href":"https:\/\/www.granadablogs.com\/juezcalatayud\/wp-json\/wp\/v2\/posts"}],"about":[{"href":"https:\/\/www.granadablogs.com\/juezcalatayud\/wp-json\/wp\/v2\/types\/post"}],"author":[{"embeddable":true,"href":"https:\/\/www.granadablogs.com\/juezcalatayud\/wp-json\/wp\/v2\/users\/3"}],"replies":[{"embeddable":true,"href":"https:\/\/www.granadablogs.com\/juezcalatayud\/wp-json\/wp\/v2\/comments?post=700"}],"version-history":[{"count":1,"href":"https:\/\/www.granadablogs.com\/juezcalatayud\/wp-json\/wp\/v2\/posts\/700\/revisions"}],"predecessor-version":[{"id":701,"href":"https:\/\/www.granadablogs.com\/juezcalatayud\/wp-json\/wp\/v2\/posts\/700\/revisions\/701"}],"wp:attachment":[{"href":"https:\/\/www.granadablogs.com\/juezcalatayud\/wp-json\/wp\/v2\/media?parent=700"}],"wp:term":[{"taxonomy":"category","embeddable":true,"href":"https:\/\/www.granadablogs.com\/juezcalatayud\/wp-json\/wp\/v2\/categories?post=700"},{"taxonomy":"post_tag","embeddable":true,"href":"https:\/\/www.granadablogs.com\/juezcalatayud\/wp-json\/wp\/v2\/tags?post=700"}],"curies":[{"name":"wp","href":"https:\/\/api.w.org\/{rel}","templated":true}]}}