{"id":698,"date":"2010-07-13T17:33:30","date_gmt":"2010-07-13T16:33:30","guid":{"rendered":"http:\/\/www.granadablogs.com\/juezcalatayud\/?p=698"},"modified":"2010-07-13T17:33:30","modified_gmt":"2010-07-13T16:33:30","slug":"la-generacion-ni-ni-es-un-invento","status":"publish","type":"post","link":"https:\/\/www.granadablogs.com\/juezcalatayud\/2010\/07\/la-generacion-ni-ni-es-un-invento\/","title":{"rendered":"\u00abLa generaci\u00f3n &#8216;ni-ni&#8217; es un invento\u00bb"},"content":{"rendered":"<p>El catedr\u00e1tico de Ciencia Pol\u00edtica de la Universidad Nacional de Educaci\u00f3n a Distancia (UNED) Ram\u00f3n Cotarelo ha afirmado hoy que la sociedad percibe a los j\u00f3venes \u00abcomo algo molesto e incordiante, porque rompen esquemas, tab\u00faes y convenciones\u00bb. El catedr\u00e1tico ha explicado que siempre se ha intentado \u00abdominar y domesticar\u00bb a los j\u00f3venes con \u00abtodos los m\u00e9todos\u00bb y asegur\u00f3 que ahora \u00abnadie se atreve a decir que la letra con sangre entra, que hay que castigar a los j\u00f3venes f\u00edsicamente, pero en cambio, no se tiene el menor inconveniente en presentarle al personal un futuro tenebroso, lleno de amenazas y de cat\u00e1strofes, con lo cual lo que era antes el maltrato f\u00edsico se ha convertido en maltrato psicol\u00f3gico\u00bb, seg\u00fan una noticia elaborada por Europa Press. <\/p>\n<p>\u00abCreo que esa afici\u00f3n que tenemos los adultos y las generaciones m\u00e1s maduras a tratar de cortarles las alas a los j\u00f3venes responde a la naturaleza humana\u00bb, agreg\u00f3<br \/>\nPor \u00faltimo, el catedr\u00e1tico de la UNED apunt\u00f3 que que la llamada generaci\u00f3n &#8216;ni-ni&#8217; -ni estudia ni trabaja \u00abes una invenci\u00f3n, entre otros, de las personas que articulan los enunciados para vender en los medios de comunicaci\u00f3n. Estoy esperando a ver en qu\u00e9 transforman los j\u00f3venes esa estupidez del ni-ni\u00bb, concluy\u00f3.<br \/>\nInteresante punto de vista el de Cotarelo.<\/p>\n","protected":false},"excerpt":{"rendered":"<p>El catedr\u00e1tico de Ciencia Pol\u00edtica de la Universidad Nacional de Educaci\u00f3n a Distancia (UNED) Ram\u00f3n Cotarelo ha afirmado hoy que la sociedad percibe a los j\u00f3venes \u00abcomo algo molesto e incordiante, porque rompen esquemas, tab\u00faes y convenciones\u00bb. El catedr\u00e1tico ha explicado que siempre se ha intentado \u00abdominar y domesticar\u00bb a los j\u00f3venes con \u00abtodos los [&hellip;]<\/p>\n","protected":false},"author":3,"featured_media":0,"comment_status":"open","ping_status":"open","sticky":false,"template":"","format":"standard","meta":{"jetpack_post_was_ever_published":false,"_jetpack_newsletter_access":"","_jetpack_dont_email_post_to_subs":false,"_jetpack_newsletter_tier_id":0,"_jetpack_memberships_contains_paywalled_content":false,"_jetpack_memberships_contains_paid_content":false,"footnotes":""},"categories":[1],"tags":[170],"class_list":["post-698","post","type-post","status-publish","format-standard","hentry","category-blog","tag-generacion-ni-ni"],"jetpack_featured_media_url":"","jetpack_shortlink":"https:\/\/wp.me\/p5fzW5-bg","jetpack-related-posts":[],"jetpack_sharing_enabled":true,"_links":{"self":[{"href":"https:\/\/www.granadablogs.com\/juezcalatayud\/wp-json\/wp\/v2\/posts\/698","targetHints":{"allow":["GET"]}}],"collection":[{"href":"https:\/\/www.granadablogs.com\/juezcalatayud\/wp-json\/wp\/v2\/posts"}],"about":[{"href":"https:\/\/www.granadablogs.com\/juezcalatayud\/wp-json\/wp\/v2\/types\/post"}],"author":[{"embeddable":true,"href":"https:\/\/www.granadablogs.com\/juezcalatayud\/wp-json\/wp\/v2\/users\/3"}],"replies":[{"embeddable":true,"href":"https:\/\/www.granadablogs.com\/juezcalatayud\/wp-json\/wp\/v2\/comments?post=698"}],"version-history":[{"count":1,"href":"https:\/\/www.granadablogs.com\/juezcalatayud\/wp-json\/wp\/v2\/posts\/698\/revisions"}],"predecessor-version":[{"id":699,"href":"https:\/\/www.granadablogs.com\/juezcalatayud\/wp-json\/wp\/v2\/posts\/698\/revisions\/699"}],"wp:attachment":[{"href":"https:\/\/www.granadablogs.com\/juezcalatayud\/wp-json\/wp\/v2\/media?parent=698"}],"wp:term":[{"taxonomy":"category","embeddable":true,"href":"https:\/\/www.granadablogs.com\/juezcalatayud\/wp-json\/wp\/v2\/categories?post=698"},{"taxonomy":"post_tag","embeddable":true,"href":"https:\/\/www.granadablogs.com\/juezcalatayud\/wp-json\/wp\/v2\/tags?post=698"}],"curies":[{"name":"wp","href":"https:\/\/api.w.org\/{rel}","templated":true}]}}