{"id":6920,"date":"2017-10-04T20:51:26","date_gmt":"2017-10-04T18:51:26","guid":{"rendered":"http:\/\/www.granadablogs.com\/juezcalatayud\/?p=6920"},"modified":"2017-10-04T20:51:26","modified_gmt":"2017-10-04T18:51:26","slug":"dejad-en-paz-a-los-ninos","status":"publish","type":"post","link":"https:\/\/www.granadablogs.com\/juezcalatayud\/2017\/10\/dejad-en-paz-a-los-ninos\/","title":{"rendered":"\u00a1Dejad en paz a los ni\u00f1os!"},"content":{"rendered":"<figure id=\"attachment_6922\" aria-describedby=\"caption-attachment-6922\" style=\"width: 150px\" class=\"wp-caption aligncenter\"><img loading=\"lazy\" decoding=\"async\" class=\"size-thumbnail wp-image-6922\" src=\"http:\/\/www.granadablogs.com\/juezcalatayud\/wp-content\/uploads\/2017\/10\/Mikel-Casal-150x150.jpg\" alt=\"\" width=\"150\" height=\"150\" \/><figcaption id=\"caption-attachment-6922\" class=\"wp-caption-text\">Mikel Casal<\/figcaption><\/figure>\n<p>Buenas, soy Emilio Calatayud. Cuentan en las noticias que ha habido maestros\u00a0independentistas catalanes que han &#8216;se\u00f1alado&#8217;, con lo que feo que est\u00e1 se\u00f1alar,\u00a0 a algunos de sus alumnos por ser hijos de guardias civiles. El maestro que haya hecho eso no puede llamarse maestro. Alguien as\u00ed no puede educar. Alguien as\u00ed, por decirlo suavemente, es un maleducado, un mercenario al servicio de intereses pol\u00edticos. Los maestros que imparten clases a menores deben dejar su ideolog\u00eda, sea la que sea, colgada en la percha de entrada de la clase. Es una aut\u00e9ntica barbaridad que un profesor catal\u00e1n ri\u00f1a a un alumno por ser hijo de un guardia civil. Y la misma barbaridad ser\u00eda que un maestro de otra parte de Espa\u00f1a ri\u00f1era a un ni\u00f1o por ser hijo de catalanes. \u00a1Dejad en paz a los ni\u00f1os!<\/p>\n","protected":false},"excerpt":{"rendered":"<p>Buenas, soy Emilio Calatayud. Cuentan en las noticias que ha habido maestros\u00a0independentistas catalanes que han &#8216;se\u00f1alado&#8217;, con lo que feo que est\u00e1 se\u00f1alar,\u00a0 a algunos de sus alumnos por ser hijos de guardias civiles. El maestro que haya hecho eso no puede llamarse maestro. Alguien as\u00ed no puede educar. Alguien as\u00ed, por decirlo suavemente, es [&hellip;]<\/p>\n","protected":false},"author":2,"featured_media":0,"comment_status":"open","ping_status":"open","sticky":false,"template":"","format":"standard","meta":{"jetpack_post_was_ever_published":false,"_jetpack_newsletter_access":"","_jetpack_dont_email_post_to_subs":false,"_jetpack_newsletter_tier_id":0,"_jetpack_memberships_contains_paywalled_content":false,"_jetpack_memberships_contains_paid_content":false,"footnotes":""},"categories":[1],"tags":[1877,1878,41],"class_list":["post-6920","post","type-post","status-publish","format-standard","hentry","category-blog","tag-dejad","tag-en-paz","tag-ninos"],"jetpack_featured_media_url":"","jetpack_shortlink":"https:\/\/wp.me\/p5fzW5-1NC","jetpack-related-posts":[],"jetpack_sharing_enabled":true,"_links":{"self":[{"href":"https:\/\/www.granadablogs.com\/juezcalatayud\/wp-json\/wp\/v2\/posts\/6920","targetHints":{"allow":["GET"]}}],"collection":[{"href":"https:\/\/www.granadablogs.com\/juezcalatayud\/wp-json\/wp\/v2\/posts"}],"about":[{"href":"https:\/\/www.granadablogs.com\/juezcalatayud\/wp-json\/wp\/v2\/types\/post"}],"author":[{"embeddable":true,"href":"https:\/\/www.granadablogs.com\/juezcalatayud\/wp-json\/wp\/v2\/users\/2"}],"replies":[{"embeddable":true,"href":"https:\/\/www.granadablogs.com\/juezcalatayud\/wp-json\/wp\/v2\/comments?post=6920"}],"version-history":[{"count":2,"href":"https:\/\/www.granadablogs.com\/juezcalatayud\/wp-json\/wp\/v2\/posts\/6920\/revisions"}],"predecessor-version":[{"id":6923,"href":"https:\/\/www.granadablogs.com\/juezcalatayud\/wp-json\/wp\/v2\/posts\/6920\/revisions\/6923"}],"wp:attachment":[{"href":"https:\/\/www.granadablogs.com\/juezcalatayud\/wp-json\/wp\/v2\/media?parent=6920"}],"wp:term":[{"taxonomy":"category","embeddable":true,"href":"https:\/\/www.granadablogs.com\/juezcalatayud\/wp-json\/wp\/v2\/categories?post=6920"},{"taxonomy":"post_tag","embeddable":true,"href":"https:\/\/www.granadablogs.com\/juezcalatayud\/wp-json\/wp\/v2\/tags?post=6920"}],"curies":[{"name":"wp","href":"https:\/\/api.w.org\/{rel}","templated":true}]}}