{"id":6870,"date":"2017-09-26T19:22:43","date_gmt":"2017-09-26T17:22:43","guid":{"rendered":"http:\/\/www.granadablogs.com\/juezcalatayud\/?p=6870"},"modified":"2017-09-26T19:22:43","modified_gmt":"2017-09-26T17:22:43","slug":"cuando-cumplio-los-quince-anos-estalla-todo-nos-paso-por-encima-un-tren-llegamos-a-tener-miedo-de-nuestro-hijo","status":"publish","type":"post","link":"https:\/\/www.granadablogs.com\/juezcalatayud\/2017\/09\/cuando-cumplio-los-quince-anos-estalla-todo-nos-paso-por-encima-un-tren-llegamos-a-tener-miedo-de-nuestro-hijo\/","title":{"rendered":"\u00abCuando cumpli\u00f3 los quince a\u00f1os, estalla todo. Nos pas\u00f3 por encima un tren. Llegamos a tener miedo de nuestro hijo\u00bb"},"content":{"rendered":"<p>&nbsp;<\/p>\n<p>&nbsp;<\/p>\n<p>&nbsp;<\/p>\n<p>&nbsp;<\/p>\n<p><img loading=\"lazy\" decoding=\"async\" class=\"aligncenter size-medium wp-image-6873\" src=\"http:\/\/www.granadablogs.com\/juezcalatayud\/wp-content\/uploads\/2017\/09\/Bloguer\u00edas-300x185.jpg\" alt=\"\" width=\"300\" height=\"185\" \/>Buenas, soy Emilio Calatayud. La vida sigue. Gracias a los que han\u00a0entendido lo que quise decir\u00a0en la &#8216;tele&#8217; y gracias tambi\u00e9n a los que lo han criticado. En cuanto a los que me han insultado, espero que el desahogo les haya servido para relajarse y, al llegar a casa, hayan dado un abrazo a sus parejas o sus hijos. No hay mal que bien no venga. A lo que vamos. El otro d\u00eda, Carlos Mor\u00e1n entrevist\u00f3 a unos padres que han sido maltratados por su hijo menor de edad. Al final, no les qued\u00f3 otra que denunciarlo y el chico acab\u00f3 encerrado en un centro para menores infractores. Esta es su historia.<\/p>\n<p>El hijo de Pablo y Clara (no son sus verdaderos nombres) siempre hab\u00eda sido un tanto testarudo. Aparentemente, nada grave. Todo apuntaba a que iba a ser un &#8216;superviviente&#8217; de la adolescencia, esa fase en la que los ni\u00f1os transitan hacia la madurez entre convulsiones hormonales y cambios de conducta. Pero algo se torci\u00f3 y el chico se convirti\u00f3 en un \u00abtsunami\u00bb, en un maremoto. \u00abLlegamos a tener miedo de nuestro hijo\u00bb, admiten Pablo y Clara, que tuvieron que cruzar la dolorosa frontera de denunciar ante la justicia a su propio v\u00e1stago. Lo que sigue es la historia de c\u00f3mo salieron a flote tras el hundimiento. Han querido contarlo para ayudar a otros padres que est\u00e9n siendo v\u00edctimas de la violencia de sus hijos.<\/p>\n<p>-(Pablo) Cuando cumpli\u00f3 los quince a\u00f1os, estalla todo. Nos pas\u00f3 por encima un tren y todav\u00eda lo estoy buscando. Era un ni\u00f1o desconocido: irrespetuoso, desagradable, maleducado&#8230;<\/p>\n<p>(Pablo) Se dio cuenta de que con la fuerza consegu\u00eda m\u00e1s cosas. Se levantaba con genio y daba portazos y pu\u00f1etazos en las puertas. Y su madre se me ven\u00eda m\u00e1s abajo. Y yo me ve\u00eda en la tesitura de atenderla a ella o seguir con las imposiciones hacia \u00e9l. Y me volv\u00ed a equivocar, porque ella pod\u00eda recuperarse en otro momento y ten\u00edamos que haber atajado lo que estaba haciendo \u00e9l. Total, que cada d\u00eda fue cogiendo m\u00e1s fuerza y lleg\u00f3 un momento en que se hizo ingobernable.<\/p>\n<p>-(Clara) Dej\u00f3 el f\u00fatbol, abandon\u00f3 los estudios&#8230; Fue como un tsunami.<\/p>\n<p>-(Pablo) Dando bandazos de un lado para otro, me encontr\u00e9 con un profesional que me dijo: &#8216;Su hijo tiene una enfermedad grave y debe llevarlo al mejor hospital, que en su caso es la fiscal\u00eda y los juzgados de Menores&#8217;. Me qued\u00e9&#8230; Tiene que haber otras soluciones, me dec\u00eda. Esto no puede ser. Es muy dif\u00edcil dar el paso de denunciar. A nosotros nos empuj\u00f3 un buen amigo que incluso vino con nosotros a la fiscal\u00eda. Pero es que no hab\u00eda otra soluci\u00f3n. Y lo denunciamos. Le pusieron una libertad vigilada hasta que saliera el juicio, pero, a partir de ese momento, el odio hacia nosotros fue inmenso.<\/p>\n<p>-(Clara) Fue a peor. Llegamos a tener miedo de nuestro hijo. Fue muy traum\u00e1tico. Iba a los controles de consumo de marihuana que inclu\u00eda la libertad vigilada, pero nunca dio negativo. Cambi\u00f3 su aspecto. Rompi\u00f3 con todo. Quit\u00f3 de su habitaci\u00f3n los pocos objetos que conservaba de la infancia. Era un aut\u00e9ntico desconocido para nosotros.<\/p>\n<p>-(Pablo) Y hablando con la educadora, nos convencimos de que hab\u00eda que dar el \u00faltimo paso: pedir que lo encerraran.<\/p>\n<p>-(Pablo) En los permisos que ha tenido ha venido mejor. De momento, \u00e9l acata cualquier decisi\u00f3n nuestra. Un &#8216;no&#8217; es un &#8216;no&#8217;. Cuando hay una hora, es esa hora y no se la salta. El primer d\u00eda que entr\u00f3 en el centro no quiso hablar con nosotros. Dec\u00eda que estaba muy enfadado con nosotros, pero la educadora nos dijo que nosotros ten\u00edamos que estar m\u00e1s enfadados con \u00e9l. Poco despu\u00e9s, nos llam\u00f3, pero siendo el mismo prepotente que era. Pero ya a las dos semanas, volvi\u00f3 a llamar y not\u00e9 un cambio. Reconoci\u00f3 que se hab\u00eda equivocado en todo, que nos echaba de menos&#8230; Fue una llamada de arrepentimiento, que era algo que no hab\u00eda hecho hasta entonces. Y ya cuando le hicimos una visita, aquello fue impresionante. Se sincer\u00f3&#8230; Fue una entrevista muy gratificante para todos. Vimos que la persona que hab\u00eda sido un monstruo estaba cambiando. Lloramos mucho los tres.<\/p>\n","protected":false},"excerpt":{"rendered":"<p>&nbsp; &nbsp; &nbsp; &nbsp; Buenas, soy Emilio Calatayud. La vida sigue. Gracias a los que han\u00a0entendido lo que quise decir\u00a0en la &#8216;tele&#8217; y gracias tambi\u00e9n a los que lo han criticado. En cuanto a los que me han insultado, espero que el desahogo les haya servido para relajarse y, al llegar a casa, hayan dado [&hellip;]<\/p>\n","protected":false},"author":2,"featured_media":0,"comment_status":"open","ping_status":"open","sticky":false,"template":"","format":"standard","meta":{"jetpack_post_was_ever_published":false,"_jetpack_newsletter_access":"","_jetpack_dont_email_post_to_subs":false,"_jetpack_newsletter_tier_id":0,"_jetpack_memberships_contains_paywalled_content":false,"_jetpack_memberships_contains_paid_content":false,"footnotes":""},"categories":[1],"tags":[938,399,1646],"class_list":["post-6870","post","type-post","status-publish","format-standard","hentry","category-blog","tag-del","tag-hijo","tag-miedo"],"jetpack_featured_media_url":"","jetpack_shortlink":"https:\/\/wp.me\/p5fzW5-1MO","jetpack-related-posts":[],"jetpack_sharing_enabled":true,"_links":{"self":[{"href":"https:\/\/www.granadablogs.com\/juezcalatayud\/wp-json\/wp\/v2\/posts\/6870","targetHints":{"allow":["GET"]}}],"collection":[{"href":"https:\/\/www.granadablogs.com\/juezcalatayud\/wp-json\/wp\/v2\/posts"}],"about":[{"href":"https:\/\/www.granadablogs.com\/juezcalatayud\/wp-json\/wp\/v2\/types\/post"}],"author":[{"embeddable":true,"href":"https:\/\/www.granadablogs.com\/juezcalatayud\/wp-json\/wp\/v2\/users\/2"}],"replies":[{"embeddable":true,"href":"https:\/\/www.granadablogs.com\/juezcalatayud\/wp-json\/wp\/v2\/comments?post=6870"}],"version-history":[{"count":5,"href":"https:\/\/www.granadablogs.com\/juezcalatayud\/wp-json\/wp\/v2\/posts\/6870\/revisions"}],"predecessor-version":[{"id":6876,"href":"https:\/\/www.granadablogs.com\/juezcalatayud\/wp-json\/wp\/v2\/posts\/6870\/revisions\/6876"}],"wp:attachment":[{"href":"https:\/\/www.granadablogs.com\/juezcalatayud\/wp-json\/wp\/v2\/media?parent=6870"}],"wp:term":[{"taxonomy":"category","embeddable":true,"href":"https:\/\/www.granadablogs.com\/juezcalatayud\/wp-json\/wp\/v2\/categories?post=6870"},{"taxonomy":"post_tag","embeddable":true,"href":"https:\/\/www.granadablogs.com\/juezcalatayud\/wp-json\/wp\/v2\/tags?post=6870"}],"curies":[{"name":"wp","href":"https:\/\/api.w.org\/{rel}","templated":true}]}}