{"id":6738,"date":"2017-09-03T20:36:36","date_gmt":"2017-09-03T18:36:36","guid":{"rendered":"http:\/\/www.granadablogs.com\/juezcalatayud\/?p=6738"},"modified":"2017-09-03T20:36:36","modified_gmt":"2017-09-03T18:36:36","slug":"ese-nino-se-acuerda-de-todo-porque-tiene-memoria-fotogenica-se-acaban-las-vacaciones-pero-no-el-humor","status":"publish","type":"post","link":"https:\/\/www.granadablogs.com\/juezcalatayud\/2017\/09\/ese-nino-se-acuerda-de-todo-porque-tiene-memoria-fotogenica-se-acaban-las-vacaciones-pero-no-el-humor\/","title":{"rendered":"\u00abEse ni\u00f1o se acuerda de todo porque tiene memoria &#8216;fotog\u00e9nica'\u00bb (Se acaban las vacaciones, pero no el humor)"},"content":{"rendered":"<p>&nbsp;<\/p>\n<p><img loading=\"lazy\" decoding=\"async\" class=\"size-medium wp-image-6741\" src=\"http:\/\/www.granadablogs.com\/juezcalatayud\/wp-content\/uploads\/2017\/09\/Vacaciones-300x199.jpg\" alt=\"\" width=\"300\" height=\"199\" srcset=\"https:\/\/www.granadablogs.com\/juezcalatayud\/wp-content\/uploads\/2017\/09\/Vacaciones-300x199.jpg 300w, https:\/\/www.granadablogs.com\/juezcalatayud\/wp-content\/uploads\/2017\/09\/Vacaciones-768x509.jpg 768w, https:\/\/www.granadablogs.com\/juezcalatayud\/wp-content\/uploads\/2017\/09\/Vacaciones-644x427.jpg 644w\" sizes=\"auto, (max-width: 300px) 100vw, 300px\" \/><\/p>\n<p>Buenas, soy Emilio Calatayud. Nunca he tenido depresi\u00f3n posvacacional, prevacacional, ni\u00a0intervacacional. Pero dicen que hay gente que se viene un poco abajo cuando se le acaban las vacaciones y ha terminado agosto, que es el mes de descanso\u00a0por excelencia. Pues nada, para llevarlo con alegr\u00eda os invito a contar sucedidos graciosos que os hayan ocurrido durante estas vacaciones. Aqu\u00ed va el m\u00edo. Se lo escuch\u00e9 a una adolescente de 15 a\u00f1os recientemente y me alegr\u00f3 el d\u00eda: \u00abEse ni\u00f1o se acuerda de todo porque tiene memoria &#8216;fotog\u00e9nica'\u00bb. Ol\u00e9.<\/p>\n<p>Se acaban las vacaciones, pero no el humor. Eso nunca. Esperamos vuestras aportaciones.<\/p>\n","protected":false},"excerpt":{"rendered":"<p>&nbsp; Buenas, soy Emilio Calatayud. Nunca he tenido depresi\u00f3n posvacacional, prevacacional, ni\u00a0intervacacional. Pero dicen que hay gente que se viene un poco abajo cuando se le acaban las vacaciones y ha terminado agosto, que es el mes de descanso\u00a0por excelencia. Pues nada, para llevarlo con alegr\u00eda os invito a contar sucedidos graciosos que os hayan [&hellip;]<\/p>\n","protected":false},"author":2,"featured_media":0,"comment_status":"open","ping_status":"open","sticky":false,"template":"","format":"standard","meta":{"jetpack_post_was_ever_published":false,"_jetpack_newsletter_access":"","_jetpack_dont_email_post_to_subs":false,"_jetpack_newsletter_tier_id":0,"_jetpack_memberships_contains_paywalled_content":false,"_jetpack_memberships_contains_paid_content":false,"footnotes":""},"categories":[1],"tags":[1859,722],"class_list":["post-6738","post","type-post","status-publish","format-standard","hentry","category-blog","tag-humor","tag-vacaciones"],"jetpack_featured_media_url":"","jetpack_shortlink":"https:\/\/wp.me\/p5fzW5-1KG","jetpack-related-posts":[],"jetpack_sharing_enabled":true,"_links":{"self":[{"href":"https:\/\/www.granadablogs.com\/juezcalatayud\/wp-json\/wp\/v2\/posts\/6738","targetHints":{"allow":["GET"]}}],"collection":[{"href":"https:\/\/www.granadablogs.com\/juezcalatayud\/wp-json\/wp\/v2\/posts"}],"about":[{"href":"https:\/\/www.granadablogs.com\/juezcalatayud\/wp-json\/wp\/v2\/types\/post"}],"author":[{"embeddable":true,"href":"https:\/\/www.granadablogs.com\/juezcalatayud\/wp-json\/wp\/v2\/users\/2"}],"replies":[{"embeddable":true,"href":"https:\/\/www.granadablogs.com\/juezcalatayud\/wp-json\/wp\/v2\/comments?post=6738"}],"version-history":[{"count":3,"href":"https:\/\/www.granadablogs.com\/juezcalatayud\/wp-json\/wp\/v2\/posts\/6738\/revisions"}],"predecessor-version":[{"id":6742,"href":"https:\/\/www.granadablogs.com\/juezcalatayud\/wp-json\/wp\/v2\/posts\/6738\/revisions\/6742"}],"wp:attachment":[{"href":"https:\/\/www.granadablogs.com\/juezcalatayud\/wp-json\/wp\/v2\/media?parent=6738"}],"wp:term":[{"taxonomy":"category","embeddable":true,"href":"https:\/\/www.granadablogs.com\/juezcalatayud\/wp-json\/wp\/v2\/categories?post=6738"},{"taxonomy":"post_tag","embeddable":true,"href":"https:\/\/www.granadablogs.com\/juezcalatayud\/wp-json\/wp\/v2\/tags?post=6738"}],"curies":[{"name":"wp","href":"https:\/\/api.w.org\/{rel}","templated":true}]}}