{"id":6728,"date":"2017-09-01T19:47:47","date_gmt":"2017-09-01T17:47:47","guid":{"rendered":"http:\/\/www.granadablogs.com\/juezcalatayud\/?p=6728"},"modified":"2017-09-01T19:47:47","modified_gmt":"2017-09-01T17:47:47","slug":"empieza-el-curso-y-la-vida-laboral-de-los-ninos-de-guarderia-saben-que-les-quedan-65-anos-hasta-la-jubilacion-y-por-eso-lloran","status":"publish","type":"post","link":"https:\/\/www.granadablogs.com\/juezcalatayud\/2017\/09\/empieza-el-curso-y-la-vida-laboral-de-los-ninos-de-guarderia-saben-que-les-quedan-65-anos-hasta-la-jubilacion-y-por-eso-lloran\/","title":{"rendered":"Empieza el curso y la &#8216;vida laboral&#8217; de los ni\u00f1os de guarder\u00eda: saben que les quedan 65 a\u00f1os hasta la jubilaci\u00f3n y por eso lloran"},"content":{"rendered":"<p><img loading=\"lazy\" decoding=\"async\" class=\"aligncenter size-medium wp-image-6731\" src=\"http:\/\/www.granadablogs.com\/juezcalatayud\/wp-content\/uploads\/2017\/09\/Chupe-300x107.jpg\" alt=\"\" width=\"300\" height=\"107\" srcset=\"https:\/\/www.granadablogs.com\/juezcalatayud\/wp-content\/uploads\/2017\/09\/Chupe-300x107.jpg 300w, https:\/\/www.granadablogs.com\/juezcalatayud\/wp-content\/uploads\/2017\/09\/Chupe.jpg 376w\" sizes=\"auto, (max-width: 300px) 100vw, 300px\" \/><\/p>\n<p>Buenas, soy Emilio Calatayud. Hoy han empezado a ir a clase los m\u00e1s chiquitines del sistema educativo, los alumnos de las guarder\u00edas. Empieza su &#8216;vida laboral&#8217;. Y como son beb\u00e9s, pero no son tontos, ven el Telediario y saben que les quedan por delante 65 a\u00f1os, como m\u00ednimo, de ganarse el pan con el sudor de la frente. Por eso lloran. Es normal, ja, ja, ja.<\/p>\n<p>Nada m\u00e1s, \u00e1nimo a los maestros de los peque\u00f1ines y los padres y los abuelos, que no se preocupen, que los ni\u00f1os est\u00e1n muy bien en la escuela. Esto no ha hecho m\u00e1s que empezar. S\u00f3lo les quedan 65 a\u00f1os&#8230;<\/p>\n","protected":false},"excerpt":{"rendered":"<p>Buenas, soy Emilio Calatayud. Hoy han empezado a ir a clase los m\u00e1s chiquitines del sistema educativo, los alumnos de las guarder\u00edas. Empieza su &#8216;vida laboral&#8217;. Y como son beb\u00e9s, pero no son tontos, ven el Telediario y saben que les quedan por delante 65 a\u00f1os, como m\u00ednimo, de ganarse el pan con el sudor [&hellip;]<\/p>\n","protected":false},"author":2,"featured_media":0,"comment_status":"open","ping_status":"open","sticky":false,"template":"","format":"standard","meta":{"jetpack_post_was_ever_published":false,"_jetpack_newsletter_access":"","_jetpack_dont_email_post_to_subs":false,"_jetpack_newsletter_tier_id":0,"_jetpack_memberships_contains_paywalled_content":false,"_jetpack_memberships_contains_paid_content":false,"footnotes":""},"categories":[1],"tags":[1138,1858,41],"class_list":["post-6728","post","type-post","status-publish","format-standard","hentry","category-blog","tag-curso","tag-guarderia","tag-ninos"],"jetpack_featured_media_url":"","jetpack_shortlink":"https:\/\/wp.me\/p5fzW5-1Kw","jetpack-related-posts":[],"jetpack_sharing_enabled":true,"_links":{"self":[{"href":"https:\/\/www.granadablogs.com\/juezcalatayud\/wp-json\/wp\/v2\/posts\/6728","targetHints":{"allow":["GET"]}}],"collection":[{"href":"https:\/\/www.granadablogs.com\/juezcalatayud\/wp-json\/wp\/v2\/posts"}],"about":[{"href":"https:\/\/www.granadablogs.com\/juezcalatayud\/wp-json\/wp\/v2\/types\/post"}],"author":[{"embeddable":true,"href":"https:\/\/www.granadablogs.com\/juezcalatayud\/wp-json\/wp\/v2\/users\/2"}],"replies":[{"embeddable":true,"href":"https:\/\/www.granadablogs.com\/juezcalatayud\/wp-json\/wp\/v2\/comments?post=6728"}],"version-history":[{"count":3,"href":"https:\/\/www.granadablogs.com\/juezcalatayud\/wp-json\/wp\/v2\/posts\/6728\/revisions"}],"predecessor-version":[{"id":6732,"href":"https:\/\/www.granadablogs.com\/juezcalatayud\/wp-json\/wp\/v2\/posts\/6728\/revisions\/6732"}],"wp:attachment":[{"href":"https:\/\/www.granadablogs.com\/juezcalatayud\/wp-json\/wp\/v2\/media?parent=6728"}],"wp:term":[{"taxonomy":"category","embeddable":true,"href":"https:\/\/www.granadablogs.com\/juezcalatayud\/wp-json\/wp\/v2\/categories?post=6728"},{"taxonomy":"post_tag","embeddable":true,"href":"https:\/\/www.granadablogs.com\/juezcalatayud\/wp-json\/wp\/v2\/tags?post=6728"}],"curies":[{"name":"wp","href":"https:\/\/api.w.org\/{rel}","templated":true}]}}