{"id":6377,"date":"2017-07-10T20:42:40","date_gmt":"2017-07-10T18:42:40","guid":{"rendered":"http:\/\/www.granadablogs.com\/juezcalatayud\/?p=6377"},"modified":"2017-07-10T21:11:06","modified_gmt":"2017-07-10T19:11:06","slug":"todos-los-dias-me-condeno-a-mi-mismo-y-a-ti-y-a-usted","status":"publish","type":"post","link":"https:\/\/www.granadablogs.com\/juezcalatayud\/2017\/07\/todos-los-dias-me-condeno-a-mi-mismo-y-a-ti-y-a-usted\/","title":{"rendered":"Todos los d\u00edas me condeno a m\u00ed mismo (y a ti, y a usted&#8230;)"},"content":{"rendered":"<p>&nbsp;<\/p>\n<p><img loading=\"lazy\" decoding=\"async\" class=\"aligncenter wp-image-6383 size-medium\" src=\"http:\/\/www.granadablogs.com\/juezcalatayud\/wp-content\/uploads\/2017\/07\/Fraude-fiscal-1-268x300.jpg\" alt=\"\" width=\"268\" height=\"300\" \/><\/p>\n<p>Buenas, soy Emilio Calatayud. Pr\u00e1cticamente ya no hay d\u00eda en que no me condene a m\u00ed mismo. Me explico. Cuando los jueces dictamos una sentencia en la que condenamos a la Junta de Andaluc\u00eda como responsable civil subsidiaria de alg\u00fan hecho delicitivo\u00a0que ha cometido un menor tutelado, no estamos condenando a Susana D\u00edaz, ni a los consejeros, ni al Parlamento, nos estamos condenando a nosotros mismos, porque la indemnizaci\u00f3n va a salir de nuestros bolsillos. As\u00ed que si llego al juzgado con un euro -es un poner- me voy con 99 c\u00e9ntimos.<\/p>\n<p>M\u00e1s. Cuando alguien se declara insolvente y no lo es (tiene escondido el dinero a nombre de otras personas), tambi\u00e9n me estoy condenando a m\u00ed mismo, y a ti y a usted&#8230; No a Montoro \u00a0ni a Rajoy. \u00daltimamente, repito mucho esto en los juicios para que la gente sea consciente de ello.<\/p>\n<p>Por eso soy partidario de la acusaci\u00f3n popular, porque cuando una persona comete un delito fiscal, por ejemplo, me est\u00e1 perjudicando a m\u00ed y a ti y a usted&#8230;<\/p>\n","protected":false},"excerpt":{"rendered":"<p>&nbsp; Buenas, soy Emilio Calatayud. Pr\u00e1cticamente ya no hay d\u00eda en que no me condene a m\u00ed mismo. Me explico. Cuando los jueces dictamos una sentencia en la que condenamos a la Junta de Andaluc\u00eda como responsable civil subsidiaria de alg\u00fan hecho delicitivo\u00a0que ha cometido un menor tutelado, no estamos condenando a Susana D\u00edaz, ni [&hellip;]<\/p>\n","protected":false},"author":2,"featured_media":0,"comment_status":"open","ping_status":"open","sticky":false,"template":"","format":"standard","meta":{"jetpack_post_was_ever_published":false,"_jetpack_newsletter_access":"","_jetpack_dont_email_post_to_subs":true,"_jetpack_newsletter_tier_id":0,"_jetpack_memberships_contains_paywalled_content":false,"_jetpack_memberships_contains_paid_content":false,"footnotes":""},"categories":[1],"tags":[1804,1676,1533],"class_list":["post-6377","post","type-post","status-publish","format-standard","hentry","category-blog","tag-a-mi-mismo","tag-condeno","tag-me"],"jetpack_featured_media_url":"","jetpack_shortlink":"https:\/\/wp.me\/p5fzW5-1ER","jetpack-related-posts":[],"jetpack_sharing_enabled":true,"_links":{"self":[{"href":"https:\/\/www.granadablogs.com\/juezcalatayud\/wp-json\/wp\/v2\/posts\/6377","targetHints":{"allow":["GET"]}}],"collection":[{"href":"https:\/\/www.granadablogs.com\/juezcalatayud\/wp-json\/wp\/v2\/posts"}],"about":[{"href":"https:\/\/www.granadablogs.com\/juezcalatayud\/wp-json\/wp\/v2\/types\/post"}],"author":[{"embeddable":true,"href":"https:\/\/www.granadablogs.com\/juezcalatayud\/wp-json\/wp\/v2\/users\/2"}],"replies":[{"embeddable":true,"href":"https:\/\/www.granadablogs.com\/juezcalatayud\/wp-json\/wp\/v2\/comments?post=6377"}],"version-history":[{"count":7,"href":"https:\/\/www.granadablogs.com\/juezcalatayud\/wp-json\/wp\/v2\/posts\/6377\/revisions"}],"predecessor-version":[{"id":6385,"href":"https:\/\/www.granadablogs.com\/juezcalatayud\/wp-json\/wp\/v2\/posts\/6377\/revisions\/6385"}],"wp:attachment":[{"href":"https:\/\/www.granadablogs.com\/juezcalatayud\/wp-json\/wp\/v2\/media?parent=6377"}],"wp:term":[{"taxonomy":"category","embeddable":true,"href":"https:\/\/www.granadablogs.com\/juezcalatayud\/wp-json\/wp\/v2\/categories?post=6377"},{"taxonomy":"post_tag","embeddable":true,"href":"https:\/\/www.granadablogs.com\/juezcalatayud\/wp-json\/wp\/v2\/tags?post=6377"}],"curies":[{"name":"wp","href":"https:\/\/api.w.org\/{rel}","templated":true}]}}