{"id":6371,"date":"2017-07-09T20:03:38","date_gmt":"2017-07-09T18:03:38","guid":{"rendered":"http:\/\/www.granadablogs.com\/juezcalatayud\/?p=6371"},"modified":"2017-07-09T20:03:38","modified_gmt":"2017-07-09T18:03:38","slug":"en-las-parejas-divorciadas-el-que-pone-los-limites-es-el-malo-y-los-hijos-no-suelen-querer-ir-con-el","status":"publish","type":"post","link":"https:\/\/www.granadablogs.com\/juezcalatayud\/2017\/07\/en-las-parejas-divorciadas-el-que-pone-los-limites-es-el-malo-y-los-hijos-no-suelen-querer-ir-con-el\/","title":{"rendered":"En las parejas divorciadas el que pone los l\u00edmites es el malo y los hijos no suelen querer ir con \u00e9l"},"content":{"rendered":"<figure id=\"attachment_6375\" aria-describedby=\"caption-attachment-6375\" style=\"width: 3329px\" class=\"wp-caption aligncenter\"><img loading=\"lazy\" decoding=\"async\" class=\"size-full wp-image-6375\" src=\"http:\/\/www.granadablogs.com\/juezcalatayud\/wp-content\/uploads\/2017\/07\/Jos\u00e9-Ibarrola-y-divorcio.jpg\" alt=\"\" width=\"3329\" height=\"2441\" srcset=\"https:\/\/www.granadablogs.com\/juezcalatayud\/wp-content\/uploads\/2017\/07\/Jos\u00e9-Ibarrola-y-divorcio.jpg 3329w, https:\/\/www.granadablogs.com\/juezcalatayud\/wp-content\/uploads\/2017\/07\/Jos\u00e9-Ibarrola-y-divorcio-300x220.jpg 300w, https:\/\/www.granadablogs.com\/juezcalatayud\/wp-content\/uploads\/2017\/07\/Jos\u00e9-Ibarrola-y-divorcio-768x563.jpg 768w, https:\/\/www.granadablogs.com\/juezcalatayud\/wp-content\/uploads\/2017\/07\/Jos\u00e9-Ibarrola-y-divorcio-644x472.jpg 644w\" sizes=\"auto, (max-width: 3329px) 100vw, 3329px\" \/><figcaption id=\"caption-attachment-6375\" class=\"wp-caption-text\">Jos\u00e9 Ibarrola<\/figcaption><\/figure>\n<p>Buenas, soy Emilio Calatayud. Cuando hablamos de los &#8216;peligros&#8217; de las vacaciones de verano se nos olvid\u00f3 comentar el problema que suele suscitarse en las parejas divorciadas a la hora de decidir con qui\u00e9n se van los ni\u00f1os. Esto tambi\u00e9n ocurre en invierno y oto\u00f1o, pero en verano se agudiza. En las parejas divorciadas, si s\u00f3lo hay uno que pone los l\u00edmites ese suele ser el malo para los hijos y lo normal es que no quieran ir con \u00e9l. Y hay padres y madres que se aprovechan de eso para\u00a0intentar &#8216;derrotar&#8217; al otro o a la otra. Adem\u00e1s de ser una conducta muy perjudicial para la educaci\u00f3n de los hijos, es poco inteligente, porque puede ocurrir que el ni\u00f1o acabe volvi\u00e9ndose contra los dos y pap\u00e1 y mam\u00e1 tengan que ponerse de acuerdo para denunciarlo porque los maltrata a ambos. Conozco casos. Vale, estamos hablando de situaciones extremas, pero es que cada vez son m\u00e1s habituales. Sin alguien se cr\u00eda sin l\u00edmites, lo m\u00e1s probable es que acabe rebel\u00e1ndose contra los &#8216;buenos&#8217; y los &#8216;malos&#8217;.<\/p>\n<p>Las parejas que se van a romper deben ponerse de acuerdo en los l\u00edmites que tienen que poner a los hijos y no incumplir el pacto.\u00a0A los hijos hay que dejarlos fuera de la &#8216;contienda partidista&#8217;. Eso es educar y velar por el inter\u00e9s superior del menor.<\/p>\n<p>Y todo esto vale tambi\u00e9n para las parejas que no est\u00e1n divorciadas. Hay que poner los l\u00edmites juntos y mantenerlos juntos.<\/p>\n","protected":false},"excerpt":{"rendered":"<p>Buenas, soy Emilio Calatayud. Cuando hablamos de los &#8216;peligros&#8217; de las vacaciones de verano se nos olvid\u00f3 comentar el problema que suele suscitarse en las parejas divorciadas a la hora de decidir con qui\u00e9n se van los ni\u00f1os. Esto tambi\u00e9n ocurre en invierno y oto\u00f1o, pero en verano se agudiza. En las parejas divorciadas, si [&hellip;]<\/p>\n","protected":false},"author":2,"featured_media":0,"comment_status":"open","ping_status":"open","sticky":false,"template":"","format":"standard","meta":{"jetpack_post_was_ever_published":false,"_jetpack_newsletter_access":"","_jetpack_dont_email_post_to_subs":false,"_jetpack_newsletter_tier_id":0,"_jetpack_memberships_contains_paywalled_content":false,"_jetpack_memberships_contains_paid_content":false,"footnotes":""},"categories":[1],"tags":[1802,189,1803],"class_list":["post-6371","post","type-post","status-publish","format-standard","hentry","category-blog","tag-divorciados","tag-hijos","tag-limites"],"jetpack_featured_media_url":"","jetpack_shortlink":"https:\/\/wp.me\/p5fzW5-1EL","jetpack-related-posts":[],"jetpack_sharing_enabled":true,"_links":{"self":[{"href":"https:\/\/www.granadablogs.com\/juezcalatayud\/wp-json\/wp\/v2\/posts\/6371","targetHints":{"allow":["GET"]}}],"collection":[{"href":"https:\/\/www.granadablogs.com\/juezcalatayud\/wp-json\/wp\/v2\/posts"}],"about":[{"href":"https:\/\/www.granadablogs.com\/juezcalatayud\/wp-json\/wp\/v2\/types\/post"}],"author":[{"embeddable":true,"href":"https:\/\/www.granadablogs.com\/juezcalatayud\/wp-json\/wp\/v2\/users\/2"}],"replies":[{"embeddable":true,"href":"https:\/\/www.granadablogs.com\/juezcalatayud\/wp-json\/wp\/v2\/comments?post=6371"}],"version-history":[{"count":3,"href":"https:\/\/www.granadablogs.com\/juezcalatayud\/wp-json\/wp\/v2\/posts\/6371\/revisions"}],"predecessor-version":[{"id":6376,"href":"https:\/\/www.granadablogs.com\/juezcalatayud\/wp-json\/wp\/v2\/posts\/6371\/revisions\/6376"}],"wp:attachment":[{"href":"https:\/\/www.granadablogs.com\/juezcalatayud\/wp-json\/wp\/v2\/media?parent=6371"}],"wp:term":[{"taxonomy":"category","embeddable":true,"href":"https:\/\/www.granadablogs.com\/juezcalatayud\/wp-json\/wp\/v2\/categories?post=6371"},{"taxonomy":"post_tag","embeddable":true,"href":"https:\/\/www.granadablogs.com\/juezcalatayud\/wp-json\/wp\/v2\/tags?post=6371"}],"curies":[{"name":"wp","href":"https:\/\/api.w.org\/{rel}","templated":true}]}}