{"id":6362,"date":"2017-07-07T19:47:12","date_gmt":"2017-07-07T17:47:12","guid":{"rendered":"http:\/\/www.granadablogs.com\/juezcalatayud\/?p=6362"},"modified":"2017-07-07T19:47:12","modified_gmt":"2017-07-07T17:47:12","slug":"elogio-al-empleado-publico-dedicado-a-la-asociacion-de-guardias-civiles-solidarios","status":"publish","type":"post","link":"https:\/\/www.granadablogs.com\/juezcalatayud\/2017\/07\/elogio-al-empleado-publico-dedicado-a-la-asociacion-de-guardias-civiles-solidarios\/","title":{"rendered":"Elogio al empleado p\u00fablico (dedicado a la Asociaci\u00f3n de Guardias Civiles Solidarios)"},"content":{"rendered":"<p><img loading=\"lazy\" decoding=\"async\" class=\"aligncenter size-full wp-image-6364\" src=\"http:\/\/www.granadablogs.com\/juezcalatayud\/wp-content\/uploads\/2017\/07\/Guardias-Civiles.jpg\" alt=\"\" width=\"300\" height=\"168\" \/>Buenas, soy Emilio Calatayud. Recientemente, el sindicato CSIF y el peri\u00f3dico Granada Hoy entregaron los premios a los mejores empleados p\u00fablicos de la provincia, una iniciativa que me parece muy acertada.\u00a0Por culpa del &#8216;vuelva usted ma\u00f1ana&#8217;, hay una cierta leyenda negra -cada vez menos, por fortuna- alrededor de los empleados p\u00fablicos y los funcionarios. Es una injusticia. Los maestros, los m\u00e9dicos, los guardias civiles, los polic\u00edas, los bomberos&#8230; no dicen vuelva usted ma\u00f1ana y todos ellos son trabajadores p\u00fablicos. Es un t\u00f3pico que tenemos que desterrar.<\/p>\n<p>En la gala de entrega de los galardones\u00a0hubo decenas de funcionarios ejemplares, entre ellos, mi compa\u00f1era Encarni que es todo fuerza y simpat\u00eda. Todos ellos est\u00e1n volcados con su trabajo y en el servicio a los ciudadanos.<\/p>\n<p>CSIF y Granada Hoy tuvieron el detalle de entregarme uno de los premios a m\u00ed, pero yo, y no es falsa modestia, era el peor de los funcionarios que hab\u00eda en la fiesta.<\/p>\n<p>Estas l\u00edneas est\u00e1n dedicadas a la Asociaci\u00f3n del Guardias Civiles Solidarios, a los que tuve la suerte de conocer en la gala (llevo su pulsera en la mu\u00f1eca), y a todos los trabajadores p\u00fablicos de Granada y Espa\u00f1a.<\/p>\n<p>&nbsp;<\/p>\n","protected":false},"excerpt":{"rendered":"<p>Buenas, soy Emilio Calatayud. Recientemente, el sindicato CSIF y el peri\u00f3dico Granada Hoy entregaron los premios a los mejores empleados p\u00fablicos de la provincia, una iniciativa que me parece muy acertada.\u00a0Por culpa del &#8216;vuelva usted ma\u00f1ana&#8217;, hay una cierta leyenda negra -cada vez menos, por fortuna- alrededor de los empleados p\u00fablicos y los funcionarios. Es [&hellip;]<\/p>\n","protected":false},"author":2,"featured_media":0,"comment_status":"open","ping_status":"open","sticky":false,"template":"","format":"standard","meta":{"jetpack_post_was_ever_published":false,"_jetpack_newsletter_access":"","_jetpack_dont_email_post_to_subs":false,"_jetpack_newsletter_tier_id":0,"_jetpack_memberships_contains_paywalled_content":false,"_jetpack_memberships_contains_paid_content":false,"footnotes":""},"categories":[1],"tags":[],"class_list":["post-6362","post","type-post","status-publish","format-standard","hentry","category-blog"],"jetpack_featured_media_url":"","jetpack_shortlink":"https:\/\/wp.me\/p5fzW5-1EC","jetpack-related-posts":[],"jetpack_sharing_enabled":true,"_links":{"self":[{"href":"https:\/\/www.granadablogs.com\/juezcalatayud\/wp-json\/wp\/v2\/posts\/6362","targetHints":{"allow":["GET"]}}],"collection":[{"href":"https:\/\/www.granadablogs.com\/juezcalatayud\/wp-json\/wp\/v2\/posts"}],"about":[{"href":"https:\/\/www.granadablogs.com\/juezcalatayud\/wp-json\/wp\/v2\/types\/post"}],"author":[{"embeddable":true,"href":"https:\/\/www.granadablogs.com\/juezcalatayud\/wp-json\/wp\/v2\/users\/2"}],"replies":[{"embeddable":true,"href":"https:\/\/www.granadablogs.com\/juezcalatayud\/wp-json\/wp\/v2\/comments?post=6362"}],"version-history":[{"count":3,"href":"https:\/\/www.granadablogs.com\/juezcalatayud\/wp-json\/wp\/v2\/posts\/6362\/revisions"}],"predecessor-version":[{"id":6366,"href":"https:\/\/www.granadablogs.com\/juezcalatayud\/wp-json\/wp\/v2\/posts\/6362\/revisions\/6366"}],"wp:attachment":[{"href":"https:\/\/www.granadablogs.com\/juezcalatayud\/wp-json\/wp\/v2\/media?parent=6362"}],"wp:term":[{"taxonomy":"category","embeddable":true,"href":"https:\/\/www.granadablogs.com\/juezcalatayud\/wp-json\/wp\/v2\/categories?post=6362"},{"taxonomy":"post_tag","embeddable":true,"href":"https:\/\/www.granadablogs.com\/juezcalatayud\/wp-json\/wp\/v2\/tags?post=6362"}],"curies":[{"name":"wp","href":"https:\/\/api.w.org\/{rel}","templated":true}]}}